{"id":4316,"date":"2016-03-09T14:17:58","date_gmt":"2016-03-09T14:17:58","guid":{"rendered":"http:\/\/www.trotajueves.es\/blog\/?p=4316"},"modified":"2025-11-25T21:39:19","modified_gmt":"2025-11-25T21:39:19","slug":"el-trotajueves-se-va-a-almorzar-a-brasil","status":"publish","type":"post","link":"https:\/\/www.trotajueves.es\/blog\/archivos\/4316","title":{"rendered":"EL TROTAJUEVES SE VA A ALMORZAR A BRASIL"},"content":{"rendered":"<h2>EL TROTAJUEVES SE VA A ALMORZAR A BRASIL<\/h2>\n<h3><img decoding=\"async\" class=\"alignleft wp-image-4317\" src=\"https:\/\/www.trotajueves.es\/blog\/wp-content\/uploads\/2016\/03\/brasilogo-150x100.jpg\" alt=\"brasilogo\" width=\"200\" height=\"133\" srcset=\"https:\/\/www.trotajueves.es\/blog\/wp-content\/uploads\/2016\/03\/brasilogo-150x100.jpg 150w, https:\/\/www.trotajueves.es\/blog\/wp-content\/uploads\/2016\/03\/brasilogo.jpg 283w\" sizes=\"(max-width: 200px) 100vw, 200px\" \/><\/h3>\n<p>Nos volvimos a encontrar en el <span style=\"color: #808000;\"><em>ALMUERZO \/ TERTULIA<br \/>\n<\/em><\/span><\/p>\n<p><strong style=\"font-style: italic;\">de EL TROTAJUEVES <\/strong> <a href=\"https:\/\/www.trotajueves.es\/locations\/libreria-el-trotajueves\/\" target=\"_blank\" rel=\"noopener noreferrer\">LIBRER\u00cdA ASOCIATIVA <\/a><\/p>\n<p>Siguiendo con la tradici\u00f3n viajera y gastron\u00f3mica.<\/p>\n<p>.<\/p>\n<h4><span style=\"color: #99cc00;\"><strong><em>Nuestro buen amigo Enrique Alonso <a href=\"https:\/\/photos.app.goo.gl\/XzeL6QDhv18H26jk8\" target=\"_blank\" rel=\"noopener noreferrer\"><img decoding=\"async\" class=\"alignright wp-image-4318\" src=\"https:\/\/www.trotajueves.es\/blog\/wp-content\/uploads\/2016\/03\/brasil_3peq.jpg\" alt=\"brasil_3peq\" width=\"217\" height=\"122\" srcset=\"https:\/\/www.trotajueves.es\/blog\/wp-content\/uploads\/2016\/03\/brasil_3peq.jpg 283w, https:\/\/www.trotajueves.es\/blog\/wp-content\/uploads\/2016\/03\/brasil_3peq-150x84.jpg 150w\" sizes=\"(max-width: 217px) 100vw, 217px\" \/><\/a><\/em><\/strong><\/span><\/h4>\n<h4><span style=\"color: #99cc00;\"><strong><em>nos deleit\u00f3 con una magn\u00edfica \u00abfeilloada\u00bb<br \/>\n<\/em><\/strong><\/span><\/h4>\n<h4><span style=\"color: #99cc00;\"><strong><em> almuerzo t\u00edpico Brasile\u00f1o y despu\u00e9s en la sobremesa, nos descubri\u00f3 una peque\u00f1a parte de ese maravilloso pa\u00eds que es Brasil.<br \/>\n<\/em><\/strong><\/span><\/h4>\n<p style=\"text-align: center;\"><span style=\"color: #000000;\"><em><strong>Aunque no BAILAMOS SAMBA,<\/strong><\/em><\/span><\/p>\n<p style=\"text-align: center;\"><a href=\"https:\/\/photos.app.goo.gl\/XzeL6QDhv18H26jk8\" target=\"_blank\" rel=\"noopener noreferrer\"><img decoding=\"async\" class=\"aligncenter wp-image-4319 size-thumbnail\" src=\"https:\/\/www.trotajueves.es\/blog\/wp-content\/uploads\/2016\/03\/brasil_4peq-150x84.jpg\" alt=\"brasil_4peq\" width=\"150\" height=\"84\" srcset=\"https:\/\/www.trotajueves.es\/blog\/wp-content\/uploads\/2016\/03\/brasil_4peq-150x84.jpg 150w, https:\/\/www.trotajueves.es\/blog\/wp-content\/uploads\/2016\/03\/brasil_4peq.jpg 283w\" sizes=\"(max-width: 150px) 100vw, 150px\" \/><\/a><\/p>\n<p style=\"text-align: center;\">los frijoles nos hicieron LEVITAR&#8230; Comprobadlo,<\/p>\n<p><iframe src=\"https:\/\/www.youtube.com\/embed\/gkKkseMvVDY\" width=\"560\" height=\"315\" frameborder=\"0\" allowfullscreen=\"allowfullscreen\"><\/iframe><\/p>\n<p style=\"text-align: center;\">comprobadlo en la siguiente pel\u00edcula.<\/p>\n","protected":false},"excerpt":{"rendered":"<p>EL TROTAJUEVES SE VA A ALMORZAR A BRASIL Nos volvimos a encontrar en el ALMUERZO \/ TERTULIA de EL TROTAJUEVES LIBRER\u00cdA ASOCIATIVA Siguiendo con la tradici\u00f3n viajera y gastron\u00f3mica. . Nuestro buen amigo Enrique&#46;&#46;&#46;<\/p>\n","protected":false},"author":1,"featured_media":4329,"comment_status":"closed","ping_status":"closed","sticky":false,"template":"","format":"aside","meta":{"footnotes":""},"categories":[127,197],"tags":[48,49,25,102,67,35],"class_list":["post-4316","post","type-post","status-publish","format-aside","has-post-thumbnail","hentry","category-tertulia-almuerzo-el-trotajueves","category-trota_viaje","tag-barrio","tag-carabanchel","tag-cocina","tag-tertulia-2","tag-trotajueves","tag-viaje","post_format-post-format-aside"],"_links":{"self":[{"href":"https:\/\/www.trotajueves.es\/blog\/wp-json\/wp\/v2\/posts\/4316","targetHints":{"allow":["GET"]}}],"collection":[{"href":"https:\/\/www.trotajueves.es\/blog\/wp-json\/wp\/v2\/posts"}],"about":[{"href":"https:\/\/www.trotajueves.es\/blog\/wp-json\/wp\/v2\/types\/post"}],"author":[{"embeddable":true,"href":"https:\/\/www.trotajueves.es\/blog\/wp-json\/wp\/v2\/users\/1"}],"replies":[{"embeddable":true,"href":"https:\/\/www.trotajueves.es\/blog\/wp-json\/wp\/v2\/comments?post=4316"}],"version-history":[{"count":1,"href":"https:\/\/www.trotajueves.es\/blog\/wp-json\/wp\/v2\/posts\/4316\/revisions"}],"predecessor-version":[{"id":6713,"href":"https:\/\/www.trotajueves.es\/blog\/wp-json\/wp\/v2\/posts\/4316\/revisions\/6713"}],"wp:featuredmedia":[{"embeddable":true,"href":"https:\/\/www.trotajueves.es\/blog\/wp-json\/wp\/v2\/media\/4329"}],"wp:attachment":[{"href":"https:\/\/www.trotajueves.es\/blog\/wp-json\/wp\/v2\/media?parent=4316"}],"wp:term":[{"taxonomy":"category","embeddable":true,"href":"https:\/\/www.trotajueves.es\/blog\/wp-json\/wp\/v2\/categories?post=4316"},{"taxonomy":"post_tag","embeddable":true,"href":"https:\/\/www.trotajueves.es\/blog\/wp-json\/wp\/v2\/tags?post=4316"}],"curies":[{"name":"wp","href":"https:\/\/api.w.org\/{rel}","templated":true}]}}