{"id":5025,"date":"2019-04-23T08:39:24","date_gmt":"2019-04-23T08:39:24","guid":{"rendered":"http:\/\/www.trotajueves.es\/blog\/?p=5025"},"modified":"2019-04-23T08:39:24","modified_gmt":"2019-04-23T08:39:24","slug":"fuera-insomnio-y-ansiedad-taller-de-mindfulness","status":"publish","type":"post","link":"https:\/\/www.trotajueves.es\/blog\/archivos\/5025","title":{"rendered":"Fuera insomnio y ansiedad. Taller de Mindfulness"},"content":{"rendered":"<p>Muchos de nosotros perdemos la noche en disquisiciones que nos provocan algo tan peligroso como es el INSOMNIO<\/p>\n<p>Por eso esta vez trajimos un taller que nos ayud\u00f3 a relajar el m\u00fasculo menos musculoso de nuestro cuerpo. EL CEREBRO.<\/p>\n<p>El pasado mi\u00e9rcoles 13 DE FEBRERO , intentamos aprender a domar al cuerpo insomne.<\/p>\n<p><img decoding=\"async\" class=\"aligncenter size-medium wp-image-5026\" src=\"https:\/\/www.trotajueves.es\/blog\/wp-content\/uploads\/2019\/04\/insom-300x156.png\" alt=\"\" width=\"300\" height=\"156\" srcset=\"https:\/\/www.trotajueves.es\/blog\/wp-content\/uploads\/2019\/04\/insom-300x156.png 300w, https:\/\/www.trotajueves.es\/blog\/wp-content\/uploads\/2019\/04\/insom-150x78.png 150w, https:\/\/www.trotajueves.es\/blog\/wp-content\/uploads\/2019\/04\/insom.png 595w\" sizes=\"(max-width: 300px) 100vw, 300px\" \/><\/p>\n<p>&nbsp;<\/p>\n<blockquote><p>El Mindfulness es la aplicaci\u00f3n de la meditaci\u00f3n de las tradiciones contemplativas en el \u00e1mbito terap\u00e9utico. En un primer momento se aplicaba sobre todo a los problemas de dolor cr\u00f3nico y de ansiedad, aunque, debido a sus beneficios y resultados positivos, hoy en d\u00eda se est\u00e1 aplicando en un ampl\u00edsimo abanico de campos.<\/p>\n<p>El insomnio, tiene relaci\u00f3n tradicionalmente con problemas de ansiedad y de estr\u00e9s, por lo que el mindfulness se convierte en una herramienta id\u00f3nea para su abordaje.<\/p>\n<p>El curso consta de cuatro sesiones con una pr\u00e1ctica diaria entre sesiones. Las dos primeras sesiones est\u00e1n orientadas al entrenamiento para la estabilizaci\u00f3n de la mente. Paso necesario para la segunda fase, que es el abordaje espec\u00edfico del problema de insomnio o ansiedad.<\/p>\n<p>El objetivo del taller es el de formar en la pr\u00e1ctica de mindfulness, para dotar a los participantes de las herramientas para afrontar su problema en el d\u00eda a d\u00eda.<\/p><\/blockquote>\n<p><img decoding=\"async\" class=\"alignleft size-full wp-image-5027\" src=\"https:\/\/www.trotajueves.es\/blog\/wp-content\/uploads\/2019\/04\/guille.png\" alt=\"\" width=\"175\" height=\"160\" srcset=\"https:\/\/www.trotajueves.es\/blog\/wp-content\/uploads\/2019\/04\/guille.png 175w, https:\/\/www.trotajueves.es\/blog\/wp-content\/uploads\/2019\/04\/guille-150x137.png 150w\" sizes=\"(max-width: 175px) 100vw, 175px\" \/>El profesor: Willy<\/p>\n<p>Psic\u00f3logo general sanitario, especializado en las terapias contextuales, marco inicial del mindfulness.<\/p>\n<p>Es profesor de yoga, formado en tradiciones contemplativas.<\/p>\n<p>Actualmente aplica mindfulness en intervenciones individualizadas y en talleres grupales de diferentes colectivos como escuelas de yoga, escuelas de negocios o grupos de oraci\u00f3n contemplativa.<\/p>\n<p>&nbsp;<\/p>\n","protected":false},"excerpt":{"rendered":"<p>Muchos de nosotros perdemos la noche en disquisiciones que nos provocan algo tan peligroso como es el INSOMNIO Por eso esta vez trajimos un taller que nos ayud\u00f3 a relajar el m\u00fasculo menos musculoso&#46;&#46;&#46;<\/p>\n","protected":false},"author":1,"featured_media":5026,"comment_status":"closed","ping_status":"closed","sticky":false,"template":"","format":"aside","meta":{"footnotes":""},"categories":[18],"tags":[47,52,60,46],"class_list":["post-5025","post","type-post","status-publish","format-aside","has-post-thumbnail","hentry","category-talleres","tag-ayuda","tag-educacion","tag-reunion","tag-taller-2","post_format-post-format-aside"],"_links":{"self":[{"href":"https:\/\/www.trotajueves.es\/blog\/wp-json\/wp\/v2\/posts\/5025","targetHints":{"allow":["GET"]}}],"collection":[{"href":"https:\/\/www.trotajueves.es\/blog\/wp-json\/wp\/v2\/posts"}],"about":[{"href":"https:\/\/www.trotajueves.es\/blog\/wp-json\/wp\/v2\/types\/post"}],"author":[{"embeddable":true,"href":"https:\/\/www.trotajueves.es\/blog\/wp-json\/wp\/v2\/users\/1"}],"replies":[{"embeddable":true,"href":"https:\/\/www.trotajueves.es\/blog\/wp-json\/wp\/v2\/comments?post=5025"}],"version-history":[{"count":0,"href":"https:\/\/www.trotajueves.es\/blog\/wp-json\/wp\/v2\/posts\/5025\/revisions"}],"wp:featuredmedia":[{"embeddable":true,"href":"https:\/\/www.trotajueves.es\/blog\/wp-json\/wp\/v2\/media\/5026"}],"wp:attachment":[{"href":"https:\/\/www.trotajueves.es\/blog\/wp-json\/wp\/v2\/media?parent=5025"}],"wp:term":[{"taxonomy":"category","embeddable":true,"href":"https:\/\/www.trotajueves.es\/blog\/wp-json\/wp\/v2\/categories?post=5025"},{"taxonomy":"post_tag","embeddable":true,"href":"https:\/\/www.trotajueves.es\/blog\/wp-json\/wp\/v2\/tags?post=5025"}],"curies":[{"name":"wp","href":"https:\/\/api.w.org\/{rel}","templated":true}]}}