{"id":5396,"date":"2021-04-02T23:28:16","date_gmt":"2021-04-02T23:28:16","guid":{"rendered":"http:\/\/www.trotajueves.es\/blog\/?p=5396"},"modified":"2021-04-02T23:28:16","modified_gmt":"2021-04-02T23:28:16","slug":"poesia-a-este-lado-del-rio-carrusel-poetico","status":"publish","type":"post","link":"https:\/\/www.trotajueves.es\/blog\/archivos\/5396","title":{"rendered":"POES\u00cdA A ESTE LADO DEL R\u00cdO. Carrusel Po\u00e9tico"},"content":{"rendered":"<p>Retomamos con fuerza<\/p>\n<div style=\"width: 426px;\" class=\"wp-video\"><!--[if lt IE 9]><script>document.createElement('video');<\/script><![endif]-->\n<video class=\"wp-video-shortcode\" id=\"video-5396-1\" width=\"426\" height=\"240\" preload=\"metadata\" controls=\"controls\"><source type=\"video\/mp4\" src=\"https:\/\/www.trotajueves.es\/blog\/wp-content\/uploads\/2021\/04\/resumenpoesia-peq.mp4?_=1\" \/><a href=\"https:\/\/www.trotajueves.es\/blog\/wp-content\/uploads\/2021\/04\/resumenpoesia-peq.mp4\">https:\/\/www.trotajueves.es\/blog\/wp-content\/uploads\/2021\/04\/resumenpoesia-peq.mp4<\/a><\/video><\/div>\n<p>Esta vez con un <em><strong>CARRUSEL PO\u00c9TICO .<\/strong><\/em><\/p>\n<h2>EL PASADO MARTES 30 DE MARZO<\/h2>\n<p>Organizado por el colectivo\u00a0 FORAJIDOS DE LEYENDA<span style=\"font-weight: inherit;\">: <\/span><\/p>\n<p><span style=\"font-weight: inherit;\">GRUTA 77, SALA MILAGROS, SALA TARAMBANA, EL TROTAJUEVES\u00a0 Y\u00a0 JARD\u00cdN DE LIBROS N\u00d3MADAS\u00a0<\/span><\/p>\n<h2 style=\"text-align: center;\"><a href=\"https:\/\/fb.watch\/4DlnA5KkwP\/\" target=\"_blank\" rel=\"noopener noreferrer\"><strong>EMITIMOS DESDE EL FACEBOOK DEL GRUTA 77<\/strong><\/a><\/h2>\n<p><a href=\"https:\/\/fb.watch\/4DlnA5KkwP\/\" target=\"_blank\" rel=\"noopener noreferrer\"><img decoding=\"async\" class=\"aligncenter wp-image-5399 size-medium\" src=\"https:\/\/www.trotajueves.es\/blog\/wp-content\/uploads\/2021\/04\/por-que-el-logo-de-facebook-es-azul-300x170.jpg\" alt=\"\" width=\"300\" height=\"170\" srcset=\"https:\/\/www.trotajueves.es\/blog\/wp-content\/uploads\/2021\/04\/por-que-el-logo-de-facebook-es-azul-300x170.jpg 300w, https:\/\/www.trotajueves.es\/blog\/wp-content\/uploads\/2021\/04\/por-que-el-logo-de-facebook-es-azul-150x85.jpg 150w, https:\/\/www.trotajueves.es\/blog\/wp-content\/uploads\/2021\/04\/por-que-el-logo-de-facebook-es-azul-768x436.jpg 768w, https:\/\/www.trotajueves.es\/blog\/wp-content\/uploads\/2021\/04\/por-que-el-logo-de-facebook-es-azul.jpg 880w\" sizes=\"(max-width: 300px) 100vw, 300px\" \/><\/a><\/p>\n<p>&nbsp;<\/p>\n<h6 style=\"text-align: center;\">(Por motivos del COVID tenemos que contentarnos con emitir en directo desde nuestras instalaciones.)<\/h6>\n<p>&nbsp;<\/p>\n<p style=\"text-align: center;\">ADEM\u00c1S CONSEGUIMOS FONDOS PARA LA DESPENSA SOLIDARIA DE CARABANCHEL<\/p>\n<p><img decoding=\"async\" class=\"aligncenter wp-image-5398 \" src=\"https:\/\/www.trotajueves.es\/blog\/wp-content\/uploads\/2021\/04\/PUENTE-MARZO-2021_instagram-300x300.jpg\" alt=\"\" width=\"414\" height=\"414\" srcset=\"https:\/\/www.trotajueves.es\/blog\/wp-content\/uploads\/2021\/04\/PUENTE-MARZO-2021_instagram-300x300.jpg 300w, https:\/\/www.trotajueves.es\/blog\/wp-content\/uploads\/2021\/04\/PUENTE-MARZO-2021_instagram-150x150.jpg 150w, https:\/\/www.trotajueves.es\/blog\/wp-content\/uploads\/2021\/04\/PUENTE-MARZO-2021_instagram-768x768.jpg 768w, https:\/\/www.trotajueves.es\/blog\/wp-content\/uploads\/2021\/04\/PUENTE-MARZO-2021_instagram-1024x1024.jpg 1024w, https:\/\/www.trotajueves.es\/blog\/wp-content\/uploads\/2021\/04\/PUENTE-MARZO-2021_instagram-1536x1536.jpg 1536w, https:\/\/www.trotajueves.es\/blog\/wp-content\/uploads\/2021\/04\/PUENTE-MARZO-2021_instagram-2048x2048.jpg 2048w, https:\/\/www.trotajueves.es\/blog\/wp-content\/uploads\/2021\/04\/PUENTE-MARZO-2021_instagram-160x160.jpg 160w, https:\/\/www.trotajueves.es\/blog\/wp-content\/uploads\/2021\/04\/PUENTE-MARZO-2021_instagram-320x320.jpg 320w\" sizes=\"(max-width: 414px) 100vw, 414px\" \/><\/p>\n<h1 style=\"text-align: center;\">QUIERES CONTINUAR AYUDANDO<\/h1>\n<p><img decoding=\"async\" class=\"aligncenter wp-image-7118\" src=\"https:\/\/www.trotajueves.es\/wp-content\/uploads\/2021\/02\/FOTO_04_DESPENSA-1024x768.jpg\" alt=\"\" width=\"882\" height=\"662\" \/><\/p>\n<p style=\"text-align: center;\"><strong>\u00a0IBAM:\u00a0 ES28 2085 8214 9603 3027 7708<\/strong><\/p>\n<h2 style=\"text-align: center;\">SOLIDARIDAD Y POES\u00cdA<\/h2>\n","protected":false},"excerpt":{"rendered":"<p>Retomamos con fuerza Esta vez con un CARRUSEL PO\u00c9TICO . EL PASADO MARTES 30 DE MARZO Organizado por el colectivo\u00a0 FORAJIDOS DE LEYENDA: GRUTA 77, SALA MILAGROS, SALA TARAMBANA, EL TROTAJUEVES\u00a0 Y\u00a0 JARD\u00cdN DE&#46;&#46;&#46;<\/p>\n","protected":false},"author":1,"featured_media":5398,"comment_status":"closed","ping_status":"closed","sticky":false,"template":"","format":"video","meta":{"footnotes":""},"categories":[168],"tags":[49,62,54,41,63,27,59,5,66],"class_list":["post-5396","post","type-post","status-publish","format-video","has-post-thumbnail","hentry","category-poesia-a-este-lado-del-rio","tag-carabanchel","tag-escritor","tag-gratis","tag-lectura","tag-libros","tag-literatura","tag-madrid","tag-poesia","tag-poeta","post_format-post-format-video"],"_links":{"self":[{"href":"https:\/\/www.trotajueves.es\/blog\/wp-json\/wp\/v2\/posts\/5396","targetHints":{"allow":["GET"]}}],"collection":[{"href":"https:\/\/www.trotajueves.es\/blog\/wp-json\/wp\/v2\/posts"}],"about":[{"href":"https:\/\/www.trotajueves.es\/blog\/wp-json\/wp\/v2\/types\/post"}],"author":[{"embeddable":true,"href":"https:\/\/www.trotajueves.es\/blog\/wp-json\/wp\/v2\/users\/1"}],"replies":[{"embeddable":true,"href":"https:\/\/www.trotajueves.es\/blog\/wp-json\/wp\/v2\/comments?post=5396"}],"version-history":[{"count":0,"href":"https:\/\/www.trotajueves.es\/blog\/wp-json\/wp\/v2\/posts\/5396\/revisions"}],"wp:featuredmedia":[{"embeddable":true,"href":"https:\/\/www.trotajueves.es\/blog\/wp-json\/wp\/v2\/media\/5398"}],"wp:attachment":[{"href":"https:\/\/www.trotajueves.es\/blog\/wp-json\/wp\/v2\/media?parent=5396"}],"wp:term":[{"taxonomy":"category","embeddable":true,"href":"https:\/\/www.trotajueves.es\/blog\/wp-json\/wp\/v2\/categories?post=5396"},{"taxonomy":"post_tag","embeddable":true,"href":"https:\/\/www.trotajueves.es\/blog\/wp-json\/wp\/v2\/tags?post=5396"}],"curies":[{"name":"wp","href":"https:\/\/api.w.org\/{rel}","templated":true}]}}