{"id":5790,"date":"2022-09-21T10:29:39","date_gmt":"2022-09-21T10:29:39","guid":{"rendered":"https:\/\/www.trotajueves.es\/blog\/?p=5790"},"modified":"2022-09-21T10:32:42","modified_gmt":"2022-09-21T10:32:42","slug":"slam-poetry-carabanchel-septiembre","status":"publish","type":"post","link":"https:\/\/www.trotajueves.es\/blog\/archivos\/5790","title":{"rendered":"SLAM POETRY CARABANCHEL SEPTIEMBRE"},"content":{"rendered":"<h3>El TROTAJUEVES vuelve al SLAM POETRY CARABANCHEL en <a href=\"https:\/\/goo.gl\/maps\/1xwgW1y5fx4buFa78\" target=\"_blank\" rel=\"noopener\">la SALA MILAGROS\u00a0<\/a><\/h3>\n<p><strong>EL PASADO VIERNES 16 DE SEPTIEMBRE <\/strong>con el poeta Carlos Salem.<\/p>\n<p><img decoding=\"async\" class=\" wp-image-5791 alignright\" src=\"https:\/\/www.trotajueves.es\/blog\/wp-content\/uploads\/2022\/09\/camilo-300x169.jpg\" alt=\"\" width=\"231\" height=\"130\" srcset=\"https:\/\/www.trotajueves.es\/blog\/wp-content\/uploads\/2022\/09\/camilo-300x169.jpg 300w, https:\/\/www.trotajueves.es\/blog\/wp-content\/uploads\/2022\/09\/camilo-150x84.jpg 150w, https:\/\/www.trotajueves.es\/blog\/wp-content\/uploads\/2022\/09\/camilo-768x432.jpg 768w, https:\/\/www.trotajueves.es\/blog\/wp-content\/uploads\/2022\/09\/camilo.jpg 1024w\" sizes=\"(max-width: 231px) 100vw, 231px\" \/><\/p>\n<p>TRAS LAS TORMENTAS DE ARENA, EL SOL ABRASADOR DEL DESIERTO EN QUE SE EST\u00c1 CONVIRTI\u00c9NDO ESPA\u00d1A&#8230;<\/p>\n<p>Volvimos a llenar el barrio de Poes\u00eda. acompa\u00f1ados por el invitado:<\/p>\n<p><strong><a href=\"https:\/\/es.wikipedia.org\/wiki\/Camilo_de_Ory\" target=\"_blank\" rel=\"noopener\">CAMILO DE ORY<\/a>, poeta, narrador y articulista.<\/strong><\/p>\n<p>&nbsp;<\/p>\n<p>Su obra po\u00e9tica ha recibido premios, como el Emilio Prados o el Francisco Villaespesa.<\/p>\n<p>COMO EMPIEZA A SER HABITUAL, el escenario l\u00edrico se llen\u00f3 de m\u00fasica, con la \u00abcantante\u00a0 SE\u00d1ORA\u00bb o sea,,, Con el propio <em><strong>Camilo Orly<\/strong><\/em> como <em><strong>\u00abgran se\u00f1ora con su UKELELE\u00bb<\/strong><\/em><b>.<\/b><\/p>\n<p><a href=\"https:\/\/youtu.be\/vb0kWft4My8\" target=\"_blank\" rel=\"noopener\">Y como siempre puedes ver el directo en Youtube<\/a><\/p>\n<p><a href=\"https:\/\/youtu.be\/vb0kWft4My8\" target=\"_blank\" rel=\"noopener\"><img decoding=\"async\" class=\"wp-image-5415 size-full aligncenter\" src=\"https:\/\/www.trotajueves.es\/blog\/wp-content\/uploads\/2021\/05\/youtube-300x169-1.png\" alt=\"\" width=\"300\" height=\"169\" srcset=\"https:\/\/www.trotajueves.es\/blog\/wp-content\/uploads\/2021\/05\/youtube-300x169-1.png 300w, https:\/\/www.trotajueves.es\/blog\/wp-content\/uploads\/2021\/05\/youtube-300x169-1-150x85.png 150w\" sizes=\"(max-width: 300px) 100vw, 300px\" \/><\/a><\/p>\n<p>&nbsp;<\/p>\n<h2 style=\"text-align: center;\"><\/h2>\n","protected":false},"excerpt":{"rendered":"<p>El TROTAJUEVES vuelve al SLAM POETRY CARABANCHEL en la SALA MILAGROS\u00a0 EL PASADO VIERNES 16 DE SEPTIEMBRE con el poeta Carlos Salem. TRAS LAS TORMENTAS DE ARENA, EL SOL ABRASADOR DEL DESIERTO EN QUE&#46;&#46;&#46;<\/p>\n","protected":false},"author":1,"featured_media":5588,"comment_status":"closed","ping_status":"closed","sticky":false,"template":"","format":"standard","meta":{"footnotes":""},"categories":[181],"tags":[92,48,62,100,160,65,5,66],"class_list":["post-5790","post","type-post","status-publish","format-standard","has-post-thumbnail","hentry","category-poetry-slam","tag-audiovisual","tag-barrio","tag-escritor","tag-espectaculo-2","tag-musica","tag-poema","tag-poesia","tag-poeta"],"_links":{"self":[{"href":"https:\/\/www.trotajueves.es\/blog\/wp-json\/wp\/v2\/posts\/5790","targetHints":{"allow":["GET"]}}],"collection":[{"href":"https:\/\/www.trotajueves.es\/blog\/wp-json\/wp\/v2\/posts"}],"about":[{"href":"https:\/\/www.trotajueves.es\/blog\/wp-json\/wp\/v2\/types\/post"}],"author":[{"embeddable":true,"href":"https:\/\/www.trotajueves.es\/blog\/wp-json\/wp\/v2\/users\/1"}],"replies":[{"embeddable":true,"href":"https:\/\/www.trotajueves.es\/blog\/wp-json\/wp\/v2\/comments?post=5790"}],"version-history":[{"count":0,"href":"https:\/\/www.trotajueves.es\/blog\/wp-json\/wp\/v2\/posts\/5790\/revisions"}],"wp:featuredmedia":[{"embeddable":true,"href":"https:\/\/www.trotajueves.es\/blog\/wp-json\/wp\/v2\/media\/5588"}],"wp:attachment":[{"href":"https:\/\/www.trotajueves.es\/blog\/wp-json\/wp\/v2\/media?parent=5790"}],"wp:term":[{"taxonomy":"category","embeddable":true,"href":"https:\/\/www.trotajueves.es\/blog\/wp-json\/wp\/v2\/categories?post=5790"},{"taxonomy":"post_tag","embeddable":true,"href":"https:\/\/www.trotajueves.es\/blog\/wp-json\/wp\/v2\/tags?post=5790"}],"curies":[{"name":"wp","href":"https:\/\/api.w.org\/{rel}","templated":true}]}}