{"id":5933,"date":"2023-06-01T06:27:56","date_gmt":"2023-06-01T06:27:56","guid":{"rendered":"https:\/\/www.trotajueves.es\/blog\/?p=5933"},"modified":"2023-06-08T07:36:17","modified_gmt":"2023-06-08T07:36:17","slug":"presentacion-poemario-de-alfonso-armada","status":"publish","type":"post","link":"https:\/\/www.trotajueves.es\/blog\/archivos\/5933","title":{"rendered":"PRESENTACI\u00d3N POEMARIO DE ALFONSO ARMADA"},"content":{"rendered":"<p><img decoding=\"async\" class=\"alignleft size-full wp-image-5934\" src=\"https:\/\/www.trotajueves.es\/blog\/wp-content\/uploads\/2023\/06\/ARMADA-150x150-1.jpg\" alt=\"\" width=\"150\" height=\"150\" srcset=\"https:\/\/www.trotajueves.es\/blog\/wp-content\/uploads\/2023\/06\/ARMADA-150x150-1.jpg 150w, https:\/\/www.trotajueves.es\/blog\/wp-content\/uploads\/2023\/06\/ARMADA-150x150-1-160x160.jpg 160w, https:\/\/www.trotajueves.es\/blog\/wp-content\/uploads\/2023\/06\/ARMADA-150x150-1-320x320.jpg 320w\" sizes=\"(max-width: 150px) 100vw, 150px\" \/>Periodista, escritor, dramaturgo y poeta espa\u00f1ol. En su trayectoria como periodista ha cubierto conflictos como corresponsal de guerra en diferentes continentes para el El Pa\u00eds en Nueva York o el ABC. Autor y director teatral de obras como Carmencita jugando, Sin maldita esperanza, o La edad de oro de los perros (1989). Fue adjunto al Director de ABC y dirigi\u00f3 el suplemento ABC Cultural. Fue presidente de la secci\u00f3n espa\u00f1ola de Reporteros sin Fronteras. Director de la revista digital <i class=\"\">Frontera D.<\/i><\/p>\n<p>De nuevo nuestro buen amigo Alfonso Armada, vuelve a Carabanchel, para deleitarnos con su obra po\u00e9tica, dentro del programa CRUZA CARABANCHEL<\/p>\n<p><iframe title=\"YouTube video player\" src=\"https:\/\/www.youtube.com\/embed\/sCqrPaeqxvo\" width=\"560\" height=\"315\" frameborder=\"0\" allowfullscreen=\"allowfullscreen\"><\/iframe><\/p>\n<p><img decoding=\"async\" class=\"alignleft size-medium wp-image-5910\" src=\"https:\/\/www.trotajueves.es\/blog\/wp-content\/uploads\/2023\/05\/Logos_pastilla_fondo_CLARO-1024x280-1-300x82.png\" alt=\"\" width=\"300\" height=\"82\" srcset=\"https:\/\/www.trotajueves.es\/blog\/wp-content\/uploads\/2023\/05\/Logos_pastilla_fondo_CLARO-1024x280-1-300x82.png 300w, https:\/\/www.trotajueves.es\/blog\/wp-content\/uploads\/2023\/05\/Logos_pastilla_fondo_CLARO-1024x280-1-150x41.png 150w, https:\/\/www.trotajueves.es\/blog\/wp-content\/uploads\/2023\/05\/Logos_pastilla_fondo_CLARO-1024x280-1-768x210.png 768w, https:\/\/www.trotajueves.es\/blog\/wp-content\/uploads\/2023\/05\/Logos_pastilla_fondo_CLARO-1024x280-1.png 1024w\" sizes=\"(max-width: 300px) 100vw, 300px\" \/><\/p>\n<p>&nbsp;<\/p>\n<p>El PASADO JUEVES 1 DE JUNIO<\/p>\n<p>&nbsp;<\/p>\n<p>Le tuvimos en la librer\u00eda, para que nos hablara de sus poemarios, para que nos recitara sus poemas, para compartir sus \u00faltimas obras po\u00e9ticas:<\/p>\n<p><em><strong><a href=\"https:\/\/trotajueves.es\/libreria\/?product=la-vida-es-una-carretera-secundaria\" target=\"_blank\" rel=\"noopener\"><img decoding=\"async\" class=\"alignleft wp-image-5935 size-thumbnail\" src=\"https:\/\/www.trotajueves.es\/blog\/wp-content\/uploads\/2023\/06\/LA-VIDA-ES-1-108x150.jpg\" alt=\"\" width=\"108\" height=\"150\" srcset=\"https:\/\/www.trotajueves.es\/blog\/wp-content\/uploads\/2023\/06\/LA-VIDA-ES-1-108x150.jpg 108w, https:\/\/www.trotajueves.es\/blog\/wp-content\/uploads\/2023\/06\/LA-VIDA-ES-1.jpg 190w\" sizes=\"(max-width: 108px) 100vw, 108px\" \/><\/a>La vida es una carretera secundaria<\/strong><\/em><\/p>\n<p>es un poemario de viaje. Se podr\u00eda hacer un buen mapa de Espa\u00f1a solo con los nombres de las localidades en que est\u00e1n datados estos poemas en general breves, que tratan de ser epifan\u00edas.<\/p>\n<p>El libro se escribi\u00f3 cada noche al hilo de otro libro, por carreteras secundarias, fruto de dos viajes a lo largo de dos veranos para el peri\u00f3dico en el que entonces trabajaba (ABC) para una editorial con la fot\u00f3grafa Corina Arranz, algunas de cuyas fotos acompa\u00f1an como piedras en un r\u00edo este cuaderno azul.<\/p>\n<p><strong><i class=\"\">El mecanismo de las mareas<\/i><\/strong><\/p>\n<p><a href=\"https:\/\/trotajueves.es\/libreria\/?product=%f0%9f%94%8d-el-mecanismo-de-las-mareas\" target=\"_blank\" rel=\"noopener\"><img decoding=\"async\" class=\"alignright wp-image-5936 size-thumbnail\" src=\"https:\/\/www.trotajueves.es\/blog\/wp-content\/uploads\/2023\/06\/El-mecanismo-de-las-mareas-181x300-1-91x150.png\" alt=\"\" width=\"91\" height=\"150\" srcset=\"https:\/\/www.trotajueves.es\/blog\/wp-content\/uploads\/2023\/06\/El-mecanismo-de-las-mareas-181x300-1-91x150.png 91w, https:\/\/www.trotajueves.es\/blog\/wp-content\/uploads\/2023\/06\/El-mecanismo-de-las-mareas-181x300-1.png 181w\" sizes=\"(max-width: 91px) 100vw, 91px\" \/><\/a>Lo escribi\u00f3 Alfonso Armada<\/p>\n<p>a caballo entre Madrid y Ronda, entre los meses de enero y septiembre<\/p>\n<p>de 1988, tras una desoladora ruptura sentimental.<\/p>\n<p>Se trata de un poemario que ha permanecido<\/p>\n<p>in\u00e9dito m\u00e1s de treinta a\u00f1os hasta su publicaci\u00f3n por la\u00a0<a href=\"https:\/\/www.editorialjuancaballos.com\/editorial-juancaballos\/\"><strong>editorial Juancaballos.<\/strong><\/a><\/p>\n<p><em><strong><a href=\"https:\/\/trotajueves.es\/libreria\/?product=cuanto-pesa-una-cabeza-humana-diario-de-un-virus-coronado-por-el-miedo\" target=\"_blank\" rel=\"noopener\"><img decoding=\"async\" class=\"alignleft wp-image-5937 size-thumbnail\" src=\"https:\/\/www.trotajueves.es\/blog\/wp-content\/uploads\/2023\/06\/CUANTO-1-93x150.jpg\" alt=\"\" width=\"93\" height=\"150\" srcset=\"https:\/\/www.trotajueves.es\/blog\/wp-content\/uploads\/2023\/06\/CUANTO-1-93x150.jpg 93w, https:\/\/www.trotajueves.es\/blog\/wp-content\/uploads\/2023\/06\/CUANTO-1.jpg 177w\" sizes=\"(max-width: 93px) 100vw, 93px\" \/><\/a>Cu\u00e1nto pesa una cabeza humana. Diario de un virus coronado por el miedo<\/strong><\/em><\/p>\n<p>No es un diario de la pandemia al uso.<\/p>\n<p>Nos encontramos ante un extenso y singular poema que las fechas entrecortan<\/p>\n<p>y en el que Alfonso Armada va devanando un di\u00e1logo con nombres queridos y familiares:<\/p>\n<p>Celan, Gl\u00fcck, Weil, Mandelstam, Carson, Ajm\u00e1tova, Cioran, Forch\u00e9\u2026<\/p>\n<p>fragmentos de poemas que lo acompa\u00f1an para pensar y preguntarse<\/p>\n<p>qu\u00e9 sentimos en este presente m\u00f3rbido y mortal.<\/p>\n<p><a href=\"https:\/\/youtube.com\/live\/t9FCyz_UCd4?feature=share\" target=\"_blank\" rel=\"noopener\">Puedes ver el directo en youtube<\/a><\/p>\n<p>&nbsp;<\/p>\n<p><a href=\"https:\/\/youtube.com\/live\/t9FCyz_UCd4?feature=share\" target=\"_blank\" rel=\"noopener\"><img decoding=\"async\" class=\"aligncenter wp-image-5415 size-full\" src=\"https:\/\/www.trotajueves.es\/blog\/wp-content\/uploads\/2021\/05\/youtube-300x169-1.png\" alt=\"\" width=\"300\" height=\"169\" srcset=\"https:\/\/www.trotajueves.es\/blog\/wp-content\/uploads\/2021\/05\/youtube-300x169-1.png 300w, https:\/\/www.trotajueves.es\/blog\/wp-content\/uploads\/2021\/05\/youtube-300x169-1-150x85.png 150w\" sizes=\"(max-width: 300px) 100vw, 300px\" \/><\/a><\/p>\n","protected":false},"excerpt":{"rendered":"<p>Periodista, escritor, dramaturgo y poeta espa\u00f1ol. En su trayectoria como periodista ha cubierto conflictos como corresponsal de guerra en diferentes continentes para el El Pa\u00eds en Nueva York o el ABC. Autor y director&#46;&#46;&#46;<\/p>\n","protected":false},"author":1,"featured_media":5934,"comment_status":"closed","ping_status":"closed","sticky":false,"template":"","format":"standard","meta":{"footnotes":""},"categories":[190,132],"tags":[49,55,41,63,27,59,64,65,5,66],"class_list":["post-5933","post","type-post","status-publish","format-standard","has-post-thumbnail","hentry","category-cruza-carabanchel","category-presentaciones","tag-carabanchel","tag-gratuito","tag-lectura","tag-libros","tag-literatura","tag-madrid","tag-novedad","tag-poema","tag-poesia","tag-poeta"],"_links":{"self":[{"href":"https:\/\/www.trotajueves.es\/blog\/wp-json\/wp\/v2\/posts\/5933","targetHints":{"allow":["GET"]}}],"collection":[{"href":"https:\/\/www.trotajueves.es\/blog\/wp-json\/wp\/v2\/posts"}],"about":[{"href":"https:\/\/www.trotajueves.es\/blog\/wp-json\/wp\/v2\/types\/post"}],"author":[{"embeddable":true,"href":"https:\/\/www.trotajueves.es\/blog\/wp-json\/wp\/v2\/users\/1"}],"replies":[{"embeddable":true,"href":"https:\/\/www.trotajueves.es\/blog\/wp-json\/wp\/v2\/comments?post=5933"}],"version-history":[{"count":0,"href":"https:\/\/www.trotajueves.es\/blog\/wp-json\/wp\/v2\/posts\/5933\/revisions"}],"wp:featuredmedia":[{"embeddable":true,"href":"https:\/\/www.trotajueves.es\/blog\/wp-json\/wp\/v2\/media\/5934"}],"wp:attachment":[{"href":"https:\/\/www.trotajueves.es\/blog\/wp-json\/wp\/v2\/media?parent=5933"}],"wp:term":[{"taxonomy":"category","embeddable":true,"href":"https:\/\/www.trotajueves.es\/blog\/wp-json\/wp\/v2\/categories?post=5933"},{"taxonomy":"post_tag","embeddable":true,"href":"https:\/\/www.trotajueves.es\/blog\/wp-json\/wp\/v2\/tags?post=5933"}],"curies":[{"name":"wp","href":"https:\/\/api.w.org\/{rel}","templated":true}]}}