{"id":6114,"date":"2024-02-20T12:50:07","date_gmt":"2024-02-20T12:50:07","guid":{"rendered":"https:\/\/www.trotajueves.es\/blog\/?p=6114"},"modified":"2024-02-20T12:50:07","modified_gmt":"2024-02-20T12:50:07","slug":"exposicion-jorge-juan-museo-naval","status":"publish","type":"post","link":"https:\/\/www.trotajueves.es\/blog\/archivos\/6114","title":{"rendered":"EXPOSICI\u00d3N JORGE JUAN Museo Naval"},"content":{"rendered":"<p><img decoding=\"async\" class=\"wp-image-6115 alignleft\" src=\"https:\/\/www.trotajueves.es\/blog\/wp-content\/uploads\/2024\/02\/jorge-3-209x300-1.jpg\" alt=\"\" width=\"128\" height=\"184\" srcset=\"https:\/\/www.trotajueves.es\/blog\/wp-content\/uploads\/2024\/02\/jorge-3-209x300-1.jpg 209w, https:\/\/www.trotajueves.es\/blog\/wp-content\/uploads\/2024\/02\/jorge-3-209x300-1-105x150.jpg 105w\" sizes=\"(max-width: 128px) 100vw, 128px\" \/><\/p>\n<p>Empezamos el a\u00f1o de viaje. Nos acercamos al viajero m\u00e1s inteligente que la armada espa\u00f1ola tuvo entre sus filas. Comenzamos las actividades de El Trotajueves conociendo a JORGE JUAN Y SANTACILIA.<\/p>\n<blockquote>\n<p style=\"text-align: center;\"><em>No, no es solamente el nombre de una calle de Madrid<\/em><\/p>\n<p>ADEM\u00c1S ARRANCAMOS CON PROGRAMA DOBLE.<\/p>\n<p>Para los vaguillos, los que el s\u00e1bado 17 de febrero prefirieron el sof\u00e1 o la cama, en lugar de visitar con nosotros el MUSEO NAVAL DE MADRID, pero tambi\u00e9n para los que nos acompa\u00f1aron a la exposici\u00f3n, a ambos, les proponermos un adelanto para unos y un buen plan de sof\u00e1 para otros, sugiriendo que visiten la p\u00e1gina web de RTVE, y vean el reportaje<\/p>\n<p><a href=\"https:\/\/www.rtve.es\/play\/videos\/la-aventura-del-saber\/jorge-juan-250-anos-despues\/15949558\/\" target=\"_blank\" rel=\"noopener\">\u00abJorge Juan 250 a\u00f1os despu\u00e9s\u00bb del programa \u00abLA AVENTURA DEL SABER\u00bb DE Televisi\u00f3n Espa\u00f1ola.<\/a><\/p>\n<p><a href=\"https:\/\/www.rtve.es\/play\/videos\/la-aventura-del-saber\/jorge-juan-250-anos-despues\/15949558\/\" target=\"_blank\" rel=\"noopener\">https:\/\/www.rtve.es\/play\/videos\/la-aventura-del-saber\/jorge-juan-250-anos-despues\/15949558\/<\/a><\/p>\n<p>Los que se animaron pod\u00e9is ver lo guapos que estabais.<\/p>\n\n\t\t<style type=\"text\/css\">\n\t\t\t#gallery-1 {\n\t\t\t\tmargin: auto;\n\t\t\t}\n\t\t\t#gallery-1 .gallery-item {\n\t\t\t\tfloat: left;\n\t\t\t\tmargin-top: 10px;\n\t\t\t\ttext-align: center;\n\t\t\t\twidth: 33%;\n\t\t\t}\n\t\t\t#gallery-1 img {\n\t\t\t\tborder: 2px solid #cfcfcf;\n\t\t\t}\n\t\t\t#gallery-1 .gallery-caption {\n\t\t\t\tmargin-left: 0;\n\t\t\t}\n\t\t\t\/* see gallery_shortcode() in wp-includes\/media.php *\/\n\t\t<\/style>\n\t\t<div id='gallery-1' class='gallery galleryid-6114 gallery-columns-3 gallery-size-medium'><dl class='gallery-item'>\n\t\t\t<dt class='gallery-icon portrait'>\n\t\t\t\t<a href='https:\/\/www.trotajueves.es\/blog\/archivos\/6114\/naval-5'><img fetchpriority=\"high\" decoding=\"async\" width=\"172\" height=\"300\" src=\"https:\/\/www.trotajueves.es\/blog\/wp-content\/uploads\/2024\/02\/naval-5-172x300.jpg\" class=\"attachment-medium size-medium\" alt=\"\" srcset=\"https:\/\/www.trotajueves.es\/blog\/wp-content\/uploads\/2024\/02\/naval-5-172x300.jpg 172w, https:\/\/www.trotajueves.es\/blog\/wp-content\/uploads\/2024\/02\/naval-5-86x150.jpg 86w, https:\/\/www.trotajueves.es\/blog\/wp-content\/uploads\/2024\/02\/naval-5-768x1337.jpg 768w, https:\/\/www.trotajueves.es\/blog\/wp-content\/uploads\/2024\/02\/naval-5-588x1024.jpg 588w, https:\/\/www.trotajueves.es\/blog\/wp-content\/uploads\/2024\/02\/naval-5-883x1536.jpg 883w, https:\/\/www.trotajueves.es\/blog\/wp-content\/uploads\/2024\/02\/naval-5.jpg 1159w\" sizes=\"(max-width: 172px) 100vw, 172px\" loading=\"eager\" \/><\/a>\n\t\t\t<\/dt><\/dl><dl class='gallery-item'>\n\t\t\t<dt class='gallery-icon landscape'>\n\t\t\t\t<a href='https:\/\/www.trotajueves.es\/blog\/archivos\/6114\/naval-4'><img decoding=\"async\" width=\"300\" height=\"163\" src=\"https:\/\/www.trotajueves.es\/blog\/wp-content\/uploads\/2024\/02\/naval-4-300x163.jpg\" class=\"attachment-medium size-medium\" alt=\"\" srcset=\"https:\/\/www.trotajueves.es\/blog\/wp-content\/uploads\/2024\/02\/naval-4-300x163.jpg 300w, https:\/\/www.trotajueves.es\/blog\/wp-content\/uploads\/2024\/02\/naval-4-150x81.jpg 150w, https:\/\/www.trotajueves.es\/blog\/wp-content\/uploads\/2024\/02\/naval-4-768x416.jpg 768w, https:\/\/www.trotajueves.es\/blog\/wp-content\/uploads\/2024\/02\/naval-4-1024x555.jpg 1024w, https:\/\/www.trotajueves.es\/blog\/wp-content\/uploads\/2024\/02\/naval-4-1536x833.jpg 1536w, https:\/\/www.trotajueves.es\/blog\/wp-content\/uploads\/2024\/02\/naval-4-2048x1110.jpg 2048w\" sizes=\"(max-width: 300px) 100vw, 300px\" loading=\"eager\" \/><\/a>\n\t\t\t<\/dt><\/dl><dl class='gallery-item'>\n\t\t\t<dt class='gallery-icon portrait'>\n\t\t\t\t<a href='https:\/\/www.trotajueves.es\/blog\/archivos\/6114\/naval-3'><img decoding=\"async\" width=\"193\" height=\"300\" src=\"https:\/\/www.trotajueves.es\/blog\/wp-content\/uploads\/2024\/02\/naval-3-193x300.jpg\" class=\"attachment-medium size-medium\" alt=\"\" srcset=\"https:\/\/www.trotajueves.es\/blog\/wp-content\/uploads\/2024\/02\/naval-3-193x300.jpg 193w, https:\/\/www.trotajueves.es\/blog\/wp-content\/uploads\/2024\/02\/naval-3-97x150.jpg 97w, https:\/\/www.trotajueves.es\/blog\/wp-content\/uploads\/2024\/02\/naval-3-768x1192.jpg 768w, https:\/\/www.trotajueves.es\/blog\/wp-content\/uploads\/2024\/02\/naval-3-660x1024.jpg 660w, https:\/\/www.trotajueves.es\/blog\/wp-content\/uploads\/2024\/02\/naval-3-990x1536.jpg 990w, https:\/\/www.trotajueves.es\/blog\/wp-content\/uploads\/2024\/02\/naval-3-1320x2048.jpg 1320w, https:\/\/www.trotajueves.es\/blog\/wp-content\/uploads\/2024\/02\/naval-3-scaled.jpg 1650w\" sizes=\"(max-width: 193px) 100vw, 193px\" loading=\"eager\" \/><\/a>\n\t\t\t<\/dt><\/dl><br style=\"clear: both\" \/><dl class='gallery-item'>\n\t\t\t<dt class='gallery-icon landscape'>\n\t\t\t\t<a href='https:\/\/www.trotajueves.es\/blog\/archivos\/6114\/naval-2'><img decoding=\"async\" width=\"300\" height=\"155\" src=\"https:\/\/www.trotajueves.es\/blog\/wp-content\/uploads\/2024\/02\/naval-2-300x155.jpg\" class=\"attachment-medium size-medium\" alt=\"\" srcset=\"https:\/\/www.trotajueves.es\/blog\/wp-content\/uploads\/2024\/02\/naval-2-300x155.jpg 300w, https:\/\/www.trotajueves.es\/blog\/wp-content\/uploads\/2024\/02\/naval-2-150x77.jpg 150w, https:\/\/www.trotajueves.es\/blog\/wp-content\/uploads\/2024\/02\/naval-2-768x396.jpg 768w, https:\/\/www.trotajueves.es\/blog\/wp-content\/uploads\/2024\/02\/naval-2-1024x528.jpg 1024w, https:\/\/www.trotajueves.es\/blog\/wp-content\/uploads\/2024\/02\/naval-2-1536x792.jpg 1536w, https:\/\/www.trotajueves.es\/blog\/wp-content\/uploads\/2024\/02\/naval-2-2048x1056.jpg 2048w\" sizes=\"(max-width: 300px) 100vw, 300px\" loading=\"eager\" \/><\/a>\n\t\t\t<\/dt><\/dl><dl class='gallery-item'>\n\t\t\t<dt class='gallery-icon landscape'>\n\t\t\t\t<a href='https:\/\/www.trotajueves.es\/blog\/archivos\/6114\/naval-1'><img decoding=\"async\" width=\"300\" height=\"180\" src=\"https:\/\/www.trotajueves.es\/blog\/wp-content\/uploads\/2024\/02\/naval-1-300x180.jpg\" class=\"attachment-medium size-medium\" alt=\"\" srcset=\"https:\/\/www.trotajueves.es\/blog\/wp-content\/uploads\/2024\/02\/naval-1-300x180.jpg 300w, https:\/\/www.trotajueves.es\/blog\/wp-content\/uploads\/2024\/02\/naval-1-150x90.jpg 150w, https:\/\/www.trotajueves.es\/blog\/wp-content\/uploads\/2024\/02\/naval-1-768x461.jpg 768w, https:\/\/www.trotajueves.es\/blog\/wp-content\/uploads\/2024\/02\/naval-1-1024x614.jpg 1024w, https:\/\/www.trotajueves.es\/blog\/wp-content\/uploads\/2024\/02\/naval-1-1536x922.jpg 1536w, https:\/\/www.trotajueves.es\/blog\/wp-content\/uploads\/2024\/02\/naval-1.jpg 1945w\" sizes=\"(max-width: 300px) 100vw, 300px\" loading=\"eager\" \/><\/a>\n\t\t\t<\/dt><\/dl>\n\t\t\t<br style='clear: both' \/>\n\t\t<\/div>\n<\/blockquote>\n","protected":false},"excerpt":{"rendered":"<p>Empezamos el a\u00f1o de viaje. Nos acercamos al viajero m\u00e1s inteligente que la armada espa\u00f1ola tuvo entre sus filas. Comenzamos las actividades de El Trotajueves conociendo a JORGE JUAN Y SANTACILIA. No, no es&#46;&#46;&#46;<\/p>\n","protected":false},"author":1,"featured_media":6115,"comment_status":"closed","ping_status":"closed","sticky":false,"template":"","format":"standard","meta":{"footnotes":""},"categories":[36],"tags":[178,88,125,101],"class_list":["post-6114","post","type-post","status-publish","format-standard","has-post-thumbnail","hentry","category-exposiciones","tag-espana","tag-exposicion-2","tag-historia","tag-mundo"],"_links":{"self":[{"href":"https:\/\/www.trotajueves.es\/blog\/wp-json\/wp\/v2\/posts\/6114","targetHints":{"allow":["GET"]}}],"collection":[{"href":"https:\/\/www.trotajueves.es\/blog\/wp-json\/wp\/v2\/posts"}],"about":[{"href":"https:\/\/www.trotajueves.es\/blog\/wp-json\/wp\/v2\/types\/post"}],"author":[{"embeddable":true,"href":"https:\/\/www.trotajueves.es\/blog\/wp-json\/wp\/v2\/users\/1"}],"replies":[{"embeddable":true,"href":"https:\/\/www.trotajueves.es\/blog\/wp-json\/wp\/v2\/comments?post=6114"}],"version-history":[{"count":0,"href":"https:\/\/www.trotajueves.es\/blog\/wp-json\/wp\/v2\/posts\/6114\/revisions"}],"wp:featuredmedia":[{"embeddable":true,"href":"https:\/\/www.trotajueves.es\/blog\/wp-json\/wp\/v2\/media\/6115"}],"wp:attachment":[{"href":"https:\/\/www.trotajueves.es\/blog\/wp-json\/wp\/v2\/media?parent=6114"}],"wp:term":[{"taxonomy":"category","embeddable":true,"href":"https:\/\/www.trotajueves.es\/blog\/wp-json\/wp\/v2\/categories?post=6114"},{"taxonomy":"post_tag","embeddable":true,"href":"https:\/\/www.trotajueves.es\/blog\/wp-json\/wp\/v2\/tags?post=6114"}],"curies":[{"name":"wp","href":"https:\/\/api.w.org\/{rel}","templated":true}]}}