{"id":6258,"date":"2024-07-01T12:19:25","date_gmt":"2024-07-01T12:19:25","guid":{"rendered":"https:\/\/www.trotajueves.es\/blog\/?p=6258"},"modified":"2024-07-08T20:24:21","modified_gmt":"2024-07-08T20:24:21","slug":"concierto-de-senora-camilo-de-ory","status":"publish","type":"post","link":"https:\/\/www.trotajueves.es\/blog\/archivos\/6258","title":{"rendered":"Concierto de \u00abSE\u00d1ORA\u00bb , CAMILO DE ORY"},"content":{"rendered":"<p style=\"text-align: center;\">\n<p><iframe title=\"YouTube video player\" src=\"https:\/\/www.youtube.com\/embed\/05yOMNTARcQ?si=-8k9YitOwkuRsFvI\" width=\"560\" height=\"315\" frameborder=\"0\" allowfullscreen=\"allowfullscreen\"><\/iframe><\/p>\n<p>VUELVE LA M\u00daSICA A EL TROTAJUEVES de mano de la poes\u00eda y la literatura.<\/p>\n<p><span style=\"color: #ff0000;\"><em><strong>EL Pasado VIERNES 28 DE JUNIO\u00a0\u00a0<\/strong><\/em><\/span>Nuestro amigo y escritor CAMILO DE ORY nos sorprendi\u00f3 con su nuevo grupo m\u00fasical:<\/p>\n<p style=\"text-align: center;\"><span style=\"color: #ff0000;\">\u00abSE\u00d1ORA\u00bb<\/span><\/p>\n<blockquote><p><em>SE\u00d1ORA existe gracias a un psiquiatra y a una pandemia. El primero me recet\u00f3 Paroxetina, un fant\u00e1stico antidepresivo que tuvo como efecto secundario el que se me aterciopelara la voz, que antes era m\u00e1s bien un graznido semiaf\u00f3nico y me incapacitaba para la locuci\u00f3n y el canto. La pandemia me mantuvo unos meses recluido, como a todos, pero yo aprovech\u00e9 la circunstancia para a) aprender, gracias a un tutorial de YouTube, a cantar y tocar la guitarra a la vez, algo que hasta entonces me hab\u00eda parecido imposible, b) componer, en un arrebato calamaresco, treinta canciones vali\u00e9ndome de la habilidad reci\u00e9n adquirida y c) moderar mi ingesta de alcohol, lo cual me facilit\u00f3 sobremanera el completar las otras dos misiones.<\/em><\/p><\/blockquote>\n<p>ATR\u00c9VETE A CONOCERLE<\/p>\n<p><a href=\"https:\/\/youtube.com\/live\/oXesD-U0MnA\" target=\"_blank\" rel=\"noopener\">Podr\u00e1s verle en directo a trav\u00e9s de INSTAGRAM\u00a0 O YOUTUBE en el siguiente enlace;<\/a><\/p>\n<p><iframe title=\"YouTube video player\" src=\"https:\/\/www.youtube.com\/embed\/oXesD-U0MnA?si=y7jXhNFo8AnnjoGB\" width=\"560\" height=\"315\" frameborder=\"0\" allowfullscreen=\"allowfullscreen\"><\/iframe><\/p>\n<p>Tambi\u00e9n puedes adquirir su m\u00fasica a trav\u00e9s de su car\u00e1tula:<\/p>\n<p><a href=\"https:\/\/familyspreerecordings.bandcamp.com\/album\/sfp002-se-ora-se-ora-cd\" target=\"_blank\" rel=\"noopener\"><img decoding=\"async\" class=\"aligncenter wp-image-6259 size-medium\" src=\"https:\/\/www.trotajueves.es\/blog\/wp-content\/uploads\/2024\/07\/IMG-20240514-WA0012-293x300.jpg\" alt=\"\" width=\"293\" height=\"300\" srcset=\"https:\/\/www.trotajueves.es\/blog\/wp-content\/uploads\/2024\/07\/IMG-20240514-WA0012-293x300.jpg 293w, https:\/\/www.trotajueves.es\/blog\/wp-content\/uploads\/2024\/07\/IMG-20240514-WA0012-146x150.jpg 146w, https:\/\/www.trotajueves.es\/blog\/wp-content\/uploads\/2024\/07\/IMG-20240514-WA0012-768x787.jpg 768w, https:\/\/www.trotajueves.es\/blog\/wp-content\/uploads\/2024\/07\/IMG-20240514-WA0012-999x1024.jpg 999w, https:\/\/www.trotajueves.es\/blog\/wp-content\/uploads\/2024\/07\/IMG-20240514-WA0012.jpg 1128w\" sizes=\"(max-width: 293px) 100vw, 293px\" \/><\/a><\/p>\n","protected":false},"excerpt":{"rendered":"<p>VUELVE LA M\u00daSICA A EL TROTAJUEVES de mano de la poes\u00eda y la literatura. EL Pasado VIERNES 28 DE JUNIO\u00a0\u00a0Nuestro amigo y escritor CAMILO DE ORY nos sorprendi\u00f3 con su nuevo grupo m\u00fasical: \u00abSE\u00d1ORA\u00bb&#46;&#46;&#46;<\/p>\n","protected":false},"author":1,"featured_media":6259,"comment_status":"closed","ping_status":"closed","sticky":false,"template":"","format":"standard","meta":{"footnotes":""},"categories":[34],"tags":[92,27,160,5,66],"class_list":["post-6258","post","type-post","status-publish","format-standard","has-post-thumbnail","hentry","category-espectaculos","tag-audiovisual","tag-literatura","tag-musica","tag-poesia","tag-poeta"],"_links":{"self":[{"href":"https:\/\/www.trotajueves.es\/blog\/wp-json\/wp\/v2\/posts\/6258","targetHints":{"allow":["GET"]}}],"collection":[{"href":"https:\/\/www.trotajueves.es\/blog\/wp-json\/wp\/v2\/posts"}],"about":[{"href":"https:\/\/www.trotajueves.es\/blog\/wp-json\/wp\/v2\/types\/post"}],"author":[{"embeddable":true,"href":"https:\/\/www.trotajueves.es\/blog\/wp-json\/wp\/v2\/users\/1"}],"replies":[{"embeddable":true,"href":"https:\/\/www.trotajueves.es\/blog\/wp-json\/wp\/v2\/comments?post=6258"}],"version-history":[{"count":0,"href":"https:\/\/www.trotajueves.es\/blog\/wp-json\/wp\/v2\/posts\/6258\/revisions"}],"wp:featuredmedia":[{"embeddable":true,"href":"https:\/\/www.trotajueves.es\/blog\/wp-json\/wp\/v2\/media\/6259"}],"wp:attachment":[{"href":"https:\/\/www.trotajueves.es\/blog\/wp-json\/wp\/v2\/media?parent=6258"}],"wp:term":[{"taxonomy":"category","embeddable":true,"href":"https:\/\/www.trotajueves.es\/blog\/wp-json\/wp\/v2\/categories?post=6258"},{"taxonomy":"post_tag","embeddable":true,"href":"https:\/\/www.trotajueves.es\/blog\/wp-json\/wp\/v2\/tags?post=6258"}],"curies":[{"name":"wp","href":"https:\/\/api.w.org\/{rel}","templated":true}]}}