{"id":6435,"date":"2024-12-26T13:00:04","date_gmt":"2024-12-26T13:00:04","guid":{"rendered":"https:\/\/www.trotajueves.es\/blog\/?p=6435"},"modified":"2024-12-26T13:22:16","modified_gmt":"2024-12-26T13:22:16","slug":"manuel-chaves-nogales-periodismo-en-estado-puro","status":"publish","type":"post","link":"https:\/\/www.trotajueves.es\/blog\/archivos\/6435","title":{"rendered":"MANUEL CHAVES NOGALES, PERIODISMO EN ESTADO PURO"},"content":{"rendered":"<p>&nbsp;<\/p>\n<p><img decoding=\"async\" class=\"aligncenter wp-image-6364 size-large\" src=\"https:\/\/www.trotajueves.es\/blog\/wp-content\/uploads\/2024\/12\/CARTEL-chaves-peq-1024x704.jpg\" alt=\"\" width=\"720\" height=\"495\" srcset=\"https:\/\/www.trotajueves.es\/blog\/wp-content\/uploads\/2024\/12\/CARTEL-chaves-peq-1024x704.jpg 1024w, https:\/\/www.trotajueves.es\/blog\/wp-content\/uploads\/2024\/12\/CARTEL-chaves-peq-300x206.jpg 300w, https:\/\/www.trotajueves.es\/blog\/wp-content\/uploads\/2024\/12\/CARTEL-chaves-peq-150x103.jpg 150w, https:\/\/www.trotajueves.es\/blog\/wp-content\/uploads\/2024\/12\/CARTEL-chaves-peq-768x528.jpg 768w, https:\/\/www.trotajueves.es\/blog\/wp-content\/uploads\/2024\/12\/CARTEL-chaves-peq-1536x1056.jpg 1536w, https:\/\/www.trotajueves.es\/blog\/wp-content\/uploads\/2024\/12\/CARTEL-chaves-peq-2048x1408.jpg 2048w\" sizes=\"(max-width: 720px) 100vw, 720px\" \/><\/p>\n<p><img decoding=\"async\" class=\"alignleft size-medium wp-image-6436\" src=\"https:\/\/www.trotajueves.es\/blog\/wp-content\/uploads\/2024\/12\/chaves-43-210x300.jpg\" alt=\"\" width=\"210\" height=\"300\" srcset=\"https:\/\/www.trotajueves.es\/blog\/wp-content\/uploads\/2024\/12\/chaves-43-210x300.jpg 210w, https:\/\/www.trotajueves.es\/blog\/wp-content\/uploads\/2024\/12\/chaves-43-716x1024.jpg 716w, https:\/\/www.trotajueves.es\/blog\/wp-content\/uploads\/2024\/12\/chaves-43-105x150.jpg 105w, https:\/\/www.trotajueves.es\/blog\/wp-content\/uploads\/2024\/12\/chaves-43-768x1098.jpg 768w, https:\/\/www.trotajueves.es\/blog\/wp-content\/uploads\/2024\/12\/chaves-43-1074x1536.jpg 1074w, https:\/\/www.trotajueves.es\/blog\/wp-content\/uploads\/2024\/12\/chaves-43.jpg 1119w\" sizes=\"(max-width: 210px) 100vw, 210px\" \/>Esta vez El Trotajueves trae a Carabanchel un desconocido en su tierra<\/p>\n<p>pero que fue un precursor del PERIODISMO, con may\u00fasculas.<\/p>\n<p>Historia de\u00a0 la prensa mundial, enraizada en Espa\u00f1a.<\/p>\n<p><em><strong>EL PASADO JUEVES 12 DE NOVIEMBRE\u00a0<\/strong><\/em><\/p>\n<p>En colaboraci\u00f3n con RTVE, se proyect\u00f3 el reportaje del programa IMPRESCINDIBLES:<\/p>\n<p><em><strong>\u00abLo que cuenta Manuel Chaves Nogales\u00bb<\/strong><\/em><\/p>\n<p>emitido en TVE el domingo 8 de diciembre a las 21:30 h.<\/p>\n<p>Vinieron a presentar el documental, su realizador David Herranz y el redactor Ricardo Olmedo, que nos hicieron conocer con mayor profundidad a nuestro protagonista.<\/p>\n<p><a href=\"https:\/\/youtube.com\/live\/YzDPfRiRAyA?feature=share\" target=\"_blank\" rel=\"noopener\">SI NO PUDISTE VENIR\u00a0 , PODR\u00c1S VERNOS EN YOUTUBE<\/a><\/p>\n<p><a href=\"https:\/\/youtube.com\/live\/YzDPfRiRAyA?feature=share\" target=\"_blank\" rel=\"noopener\"><img decoding=\"async\" class=\"aligncenter wp-image-5415 size-thumbnail\" src=\"https:\/\/www.trotajueves.es\/blog\/wp-content\/uploads\/2021\/05\/youtube-300x169-1-150x85.png\" alt=\"\" width=\"150\" height=\"85\" srcset=\"https:\/\/www.trotajueves.es\/blog\/wp-content\/uploads\/2021\/05\/youtube-300x169-1-150x85.png 150w, https:\/\/www.trotajueves.es\/blog\/wp-content\/uploads\/2021\/05\/youtube-300x169-1.png 300w\" sizes=\"(max-width: 150px) 100vw, 150px\" \/><\/a><\/p>\n<p>Siguiendo con las actividades en torno a este escritor y periodista tan olvidado por sus compatriotas,<\/p>\n<p><img decoding=\"async\" class=\"alignleft size-thumbnail wp-image-6437\" src=\"https:\/\/www.trotajueves.es\/blog\/wp-content\/uploads\/2024\/12\/Cartel-salida-teatro-de-la-abadia-150x150.jpg\" alt=\"\" width=\"150\" height=\"150\" srcset=\"https:\/\/www.trotajueves.es\/blog\/wp-content\/uploads\/2024\/12\/Cartel-salida-teatro-de-la-abadia-150x150.jpg 150w, https:\/\/www.trotajueves.es\/blog\/wp-content\/uploads\/2024\/12\/Cartel-salida-teatro-de-la-abadia-300x300.jpg 300w, https:\/\/www.trotajueves.es\/blog\/wp-content\/uploads\/2024\/12\/Cartel-salida-teatro-de-la-abadia-1024x1024.jpg 1024w, https:\/\/www.trotajueves.es\/blog\/wp-content\/uploads\/2024\/12\/Cartel-salida-teatro-de-la-abadia-768x768.jpg 768w, https:\/\/www.trotajueves.es\/blog\/wp-content\/uploads\/2024\/12\/Cartel-salida-teatro-de-la-abadia-1536x1536.jpg 1536w, https:\/\/www.trotajueves.es\/blog\/wp-content\/uploads\/2024\/12\/Cartel-salida-teatro-de-la-abadia-160x160.jpg 160w, https:\/\/www.trotajueves.es\/blog\/wp-content\/uploads\/2024\/12\/Cartel-salida-teatro-de-la-abadia-320x320.jpg 320w, https:\/\/www.trotajueves.es\/blog\/wp-content\/uploads\/2024\/12\/Cartel-salida-teatro-de-la-abadia.jpg 1600w\" sizes=\"(max-width: 150px) 100vw, 150px\" \/><\/p>\n<p><strong><em>EL\u00a0 DOMINGO 15 DE NOVIEMBRE\u00a0<\/em><\/strong><\/p>\n<p>fuimos a ver un obra de teatro basada en uno de sus m\u00e1s importantes trabajos de la mano de actor\u00a0 <strong>Miguel Rell\u00e1n\u00a0 <\/strong>en el <strong>TEATRO DE LA ABAD\u00cdA:<\/strong><\/p>\n<p><a href=\"https:\/\/www.teatroabadia.com\/espectaculo\/el-maestro-juan-martinez-que-estaba-alli\/\" target=\"_blank\" rel=\"noopener\">JUAN MART\u00cdNEZ QUE ESTABA ALL\u00cd\u00a0<\/a><\/p>\n<p>Fue una magn\u00edfica ocasi\u00f3n para ver sus escritos adaptados al teatro, de forma magn\u00edfica.<\/p>\n\n\t\t<style type=\"text\/css\">\n\t\t\t#gallery-1 {\n\t\t\t\tmargin: auto;\n\t\t\t}\n\t\t\t#gallery-1 .gallery-item {\n\t\t\t\tfloat: left;\n\t\t\t\tmargin-top: 10px;\n\t\t\t\ttext-align: center;\n\t\t\t\twidth: 50%;\n\t\t\t}\n\t\t\t#gallery-1 img {\n\t\t\t\tborder: 2px solid #cfcfcf;\n\t\t\t}\n\t\t\t#gallery-1 .gallery-caption {\n\t\t\t\tmargin-left: 0;\n\t\t\t}\n\t\t\t\/* see gallery_shortcode() in wp-includes\/media.php *\/\n\t\t<\/style>\n\t\t<div id='gallery-1' class='gallery galleryid-6435 gallery-columns-2 gallery-size-medium'><dl class='gallery-item'>\n\t\t\t<dt class='gallery-icon landscape'>\n\t\t\t\t<a href='https:\/\/www.trotajueves.es\/blog\/archivos\/6435\/img_20241215_183220'><img decoding=\"async\" width=\"300\" height=\"135\" src=\"https:\/\/www.trotajueves.es\/blog\/wp-content\/uploads\/2024\/12\/IMG_20241215_183220-300x135.jpg\" class=\"attachment-medium size-medium\" alt=\"\" srcset=\"https:\/\/www.trotajueves.es\/blog\/wp-content\/uploads\/2024\/12\/IMG_20241215_183220-300x135.jpg 300w, https:\/\/www.trotajueves.es\/blog\/wp-content\/uploads\/2024\/12\/IMG_20241215_183220-1024x460.jpg 1024w, https:\/\/www.trotajueves.es\/blog\/wp-content\/uploads\/2024\/12\/IMG_20241215_183220-150x67.jpg 150w, https:\/\/www.trotajueves.es\/blog\/wp-content\/uploads\/2024\/12\/IMG_20241215_183220-768x345.jpg 768w, https:\/\/www.trotajueves.es\/blog\/wp-content\/uploads\/2024\/12\/IMG_20241215_183220-1536x691.jpg 1536w, https:\/\/www.trotajueves.es\/blog\/wp-content\/uploads\/2024\/12\/IMG_20241215_183220-2048x921.jpg 2048w\" sizes=\"(max-width: 300px) 100vw, 300px\" loading=\"eager\" \/><\/a>\n\t\t\t<\/dt><\/dl><dl class='gallery-item'>\n\t\t\t<dt class='gallery-icon landscape'>\n\t\t\t\t<a href='https:\/\/www.trotajueves.es\/blog\/archivos\/6435\/img_20241215_183358'><img decoding=\"async\" width=\"300\" height=\"135\" src=\"https:\/\/www.trotajueves.es\/blog\/wp-content\/uploads\/2024\/12\/IMG_20241215_183358-300x135.jpg\" class=\"attachment-medium size-medium\" alt=\"\" srcset=\"https:\/\/www.trotajueves.es\/blog\/wp-content\/uploads\/2024\/12\/IMG_20241215_183358-300x135.jpg 300w, https:\/\/www.trotajueves.es\/blog\/wp-content\/uploads\/2024\/12\/IMG_20241215_183358-1024x461.jpg 1024w, https:\/\/www.trotajueves.es\/blog\/wp-content\/uploads\/2024\/12\/IMG_20241215_183358-150x68.jpg 150w, https:\/\/www.trotajueves.es\/blog\/wp-content\/uploads\/2024\/12\/IMG_20241215_183358-768x346.jpg 768w, https:\/\/www.trotajueves.es\/blog\/wp-content\/uploads\/2024\/12\/IMG_20241215_183358-1536x692.jpg 1536w, https:\/\/www.trotajueves.es\/blog\/wp-content\/uploads\/2024\/12\/IMG_20241215_183358-2048x923.jpg 2048w\" sizes=\"(max-width: 300px) 100vw, 300px\" loading=\"eager\" \/><\/a>\n\t\t\t<\/dt><\/dl><br style=\"clear: both\" \/>\n\t\t<\/div>\n\n<p>Si te interesa el autor, te ofrecemos sus m\u00e1s importantes obras en nuestra librer\u00eda.<\/p>\n<p><a href=\"https:\/\/trotajueves.es\/libreria\/producto\/bra-esencial\/\" target=\"_blank\" rel=\"noopener\"><img decoding=\"async\" class=\"alignleft wp-image-6441 size-thumbnail\" src=\"https:\/\/www.trotajueves.es\/blog\/wp-content\/uploads\/2024\/12\/obra-esencial-99x150.jpg\" alt=\"\" width=\"99\" height=\"150\" srcset=\"https:\/\/www.trotajueves.es\/blog\/wp-content\/uploads\/2024\/12\/obra-esencial-99x150.jpg 99w, https:\/\/www.trotajueves.es\/blog\/wp-content\/uploads\/2024\/12\/obra-esencial-198x300.jpg 198w, https:\/\/www.trotajueves.es\/blog\/wp-content\/uploads\/2024\/12\/obra-esencial-677x1024.jpg 677w, https:\/\/www.trotajueves.es\/blog\/wp-content\/uploads\/2024\/12\/obra-esencial-768x1162.jpg 768w, https:\/\/www.trotajueves.es\/blog\/wp-content\/uploads\/2024\/12\/obra-esencial.jpg 793w\" sizes=\"(max-width: 99px) 100vw, 99px\" \/><\/a><a href=\"https:\/\/trotajueves.es\/libreria\/producto\/bajo-el-signo-de-la-esvastica\/\" target=\"_blank\" rel=\"noopener\"><img decoding=\"async\" class=\"alignleft wp-image-6442 size-thumbnail\" src=\"https:\/\/www.trotajueves.es\/blog\/wp-content\/uploads\/2024\/12\/bajo-el-98x150.jpg\" alt=\"\" width=\"98\" height=\"150\" srcset=\"https:\/\/www.trotajueves.es\/blog\/wp-content\/uploads\/2024\/12\/bajo-el-98x150.jpg 98w, https:\/\/www.trotajueves.es\/blog\/wp-content\/uploads\/2024\/12\/bajo-el-195x300.jpg 195w, https:\/\/www.trotajueves.es\/blog\/wp-content\/uploads\/2024\/12\/bajo-el.jpg 293w\" sizes=\"(max-width: 98px) 100vw, 98px\" \/><\/a><a href=\"https:\/\/trotajueves.es\/libreria\/producto\/ifni-la-ultima-aventura-colonial-espanola\/\" target=\"_blank\" rel=\"noopener\"><img decoding=\"async\" class=\"alignleft wp-image-6443 size-thumbnail\" src=\"https:\/\/www.trotajueves.es\/blog\/wp-content\/uploads\/2024\/12\/ifni-98x150.jpg\" alt=\"\" width=\"98\" height=\"150\" srcset=\"https:\/\/www.trotajueves.es\/blog\/wp-content\/uploads\/2024\/12\/ifni-98x150.jpg 98w, https:\/\/www.trotajueves.es\/blog\/wp-content\/uploads\/2024\/12\/ifni-197x300.jpg 197w, https:\/\/www.trotajueves.es\/blog\/wp-content\/uploads\/2024\/12\/ifni.jpg 295w\" sizes=\"(max-width: 98px) 100vw, 98px\" \/><\/a><\/p>\n<p>&nbsp;<\/p>\n<p>PERIODISMO EN ESTADO PURO<\/p>\n<p>&nbsp;<\/p>\n<p>&nbsp;<\/p>\n","protected":false},"excerpt":{"rendered":"<p>&nbsp; Esta vez El Trotajueves trae a Carabanchel un desconocido en su tierra pero que fue un precursor del PERIODISMO, con may\u00fasculas. Historia de\u00a0 la prensa mundial, enraizada en Espa\u00f1a. EL PASADO JUEVES 12&#46;&#46;&#46;<\/p>\n","protected":false},"author":1,"featured_media":6438,"comment_status":"closed","ping_status":"closed","sticky":false,"template":"","format":"standard","meta":{"footnotes":""},"categories":[159,156,26],"tags":[92,50,12,52,62,178,54,125,63,27,101,90,111,60,102,35],"class_list":["post-6435","post","type-post","status-publish","format-standard","has-post-thumbnail","hentry","category-pensamiento","category-reportajes","category-tertulias","tag-audiovisual","tag-charla","tag-cine","tag-educacion","tag-escritor","tag-espana","tag-gratis","tag-historia","tag-libros","tag-literatura","tag-mundo","tag-pelicula","tag-periodismo","tag-reunion","tag-tertulia-2","tag-viaje"],"_links":{"self":[{"href":"https:\/\/www.trotajueves.es\/blog\/wp-json\/wp\/v2\/posts\/6435","targetHints":{"allow":["GET"]}}],"collection":[{"href":"https:\/\/www.trotajueves.es\/blog\/wp-json\/wp\/v2\/posts"}],"about":[{"href":"https:\/\/www.trotajueves.es\/blog\/wp-json\/wp\/v2\/types\/post"}],"author":[{"embeddable":true,"href":"https:\/\/www.trotajueves.es\/blog\/wp-json\/wp\/v2\/users\/1"}],"replies":[{"embeddable":true,"href":"https:\/\/www.trotajueves.es\/blog\/wp-json\/wp\/v2\/comments?post=6435"}],"version-history":[{"count":2,"href":"https:\/\/www.trotajueves.es\/blog\/wp-json\/wp\/v2\/posts\/6435\/revisions"}],"predecessor-version":[{"id":6445,"href":"https:\/\/www.trotajueves.es\/blog\/wp-json\/wp\/v2\/posts\/6435\/revisions\/6445"}],"wp:featuredmedia":[{"embeddable":true,"href":"https:\/\/www.trotajueves.es\/blog\/wp-json\/wp\/v2\/media\/6438"}],"wp:attachment":[{"href":"https:\/\/www.trotajueves.es\/blog\/wp-json\/wp\/v2\/media?parent=6435"}],"wp:term":[{"taxonomy":"category","embeddable":true,"href":"https:\/\/www.trotajueves.es\/blog\/wp-json\/wp\/v2\/categories?post=6435"},{"taxonomy":"post_tag","embeddable":true,"href":"https:\/\/www.trotajueves.es\/blog\/wp-json\/wp\/v2\/tags?post=6435"}],"curies":[{"name":"wp","href":"https:\/\/api.w.org\/{rel}","templated":true}]}}