{"id":6474,"date":"2025-02-09T14:52:10","date_gmt":"2025-02-09T14:52:10","guid":{"rendered":"https:\/\/www.trotajueves.es\/blog\/?p=6474"},"modified":"2025-02-09T14:52:10","modified_gmt":"2025-02-09T14:52:10","slug":"minificciones-taller-practico-de-fanzines","status":"publish","type":"post","link":"https:\/\/www.trotajueves.es\/blog\/archivos\/6474","title":{"rendered":"Minificciones. Taller pr\u00e1ctico de fanzines"},"content":{"rendered":"<p>\u00bfTe gustar\u00eda conocer el mundo del fanzine? Pues te perdiste el taller pr\u00e1ctico Minificciones.<\/p>\n\n\t\t<style type=\"text\/css\">\n\t\t\t#gallery-1 {\n\t\t\t\tmargin: auto;\n\t\t\t}\n\t\t\t#gallery-1 .gallery-item {\n\t\t\t\tfloat: left;\n\t\t\t\tmargin-top: 10px;\n\t\t\t\ttext-align: center;\n\t\t\t\twidth: 25%;\n\t\t\t}\n\t\t\t#gallery-1 img {\n\t\t\t\tborder: 2px solid #cfcfcf;\n\t\t\t}\n\t\t\t#gallery-1 .gallery-caption {\n\t\t\t\tmargin-left: 0;\n\t\t\t}\n\t\t\t\/* see gallery_shortcode() in wp-includes\/media.php *\/\n\t\t<\/style>\n\t\t<div id='gallery-1' class='gallery galleryid-6474 gallery-columns-4 gallery-size-medium'><dl class='gallery-item'>\n\t\t\t<dt class='gallery-icon landscape'>\n\t\t\t\t<a href='https:\/\/www.trotajueves.es\/blog\/archivos\/6474\/taller01'><img fetchpriority=\"high\" decoding=\"async\" width=\"300\" height=\"225\" src=\"https:\/\/www.trotajueves.es\/blog\/wp-content\/uploads\/2025\/02\/taller01-300x225.jpg\" class=\"attachment-medium size-medium\" alt=\"\" srcset=\"https:\/\/www.trotajueves.es\/blog\/wp-content\/uploads\/2025\/02\/taller01-300x225.jpg 300w, https:\/\/www.trotajueves.es\/blog\/wp-content\/uploads\/2025\/02\/taller01-150x113.jpg 150w, https:\/\/www.trotajueves.es\/blog\/wp-content\/uploads\/2025\/02\/taller01-768x576.jpg 768w, https:\/\/www.trotajueves.es\/blog\/wp-content\/uploads\/2025\/02\/taller01.jpg 800w\" sizes=\"(max-width: 300px) 100vw, 300px\" loading=\"eager\" \/><\/a>\n\t\t\t<\/dt><\/dl><dl class='gallery-item'>\n\t\t\t<dt class='gallery-icon landscape'>\n\t\t\t\t<a href='https:\/\/www.trotajueves.es\/blog\/archivos\/6474\/taller02'><img decoding=\"async\" width=\"300\" height=\"225\" src=\"https:\/\/www.trotajueves.es\/blog\/wp-content\/uploads\/2025\/02\/taller02-300x225.jpg\" class=\"attachment-medium size-medium\" alt=\"\" srcset=\"https:\/\/www.trotajueves.es\/blog\/wp-content\/uploads\/2025\/02\/taller02-300x225.jpg 300w, https:\/\/www.trotajueves.es\/blog\/wp-content\/uploads\/2025\/02\/taller02-150x113.jpg 150w, https:\/\/www.trotajueves.es\/blog\/wp-content\/uploads\/2025\/02\/taller02-768x576.jpg 768w, https:\/\/www.trotajueves.es\/blog\/wp-content\/uploads\/2025\/02\/taller02.jpg 800w\" sizes=\"(max-width: 300px) 100vw, 300px\" loading=\"eager\" \/><\/a>\n\t\t\t<\/dt><\/dl><dl class='gallery-item'>\n\t\t\t<dt class='gallery-icon landscape'>\n\t\t\t\t<a href='https:\/\/www.trotajueves.es\/blog\/archivos\/6474\/taller03'><img decoding=\"async\" width=\"300\" height=\"225\" src=\"https:\/\/www.trotajueves.es\/blog\/wp-content\/uploads\/2025\/02\/taller03-300x225.jpg\" class=\"attachment-medium size-medium\" alt=\"\" srcset=\"https:\/\/www.trotajueves.es\/blog\/wp-content\/uploads\/2025\/02\/taller03-300x225.jpg 300w, https:\/\/www.trotajueves.es\/blog\/wp-content\/uploads\/2025\/02\/taller03-150x113.jpg 150w, https:\/\/www.trotajueves.es\/blog\/wp-content\/uploads\/2025\/02\/taller03-768x576.jpg 768w, https:\/\/www.trotajueves.es\/blog\/wp-content\/uploads\/2025\/02\/taller03.jpg 800w\" sizes=\"(max-width: 300px) 100vw, 300px\" loading=\"eager\" \/><\/a>\n\t\t\t<\/dt><\/dl><dl class='gallery-item'>\n\t\t\t<dt class='gallery-icon landscape'>\n\t\t\t\t<a href='https:\/\/www.trotajueves.es\/blog\/archivos\/6474\/taller04'><img decoding=\"async\" width=\"300\" height=\"225\" src=\"https:\/\/www.trotajueves.es\/blog\/wp-content\/uploads\/2025\/02\/taller04-300x225.jpg\" class=\"attachment-medium size-medium\" alt=\"\" srcset=\"https:\/\/www.trotajueves.es\/blog\/wp-content\/uploads\/2025\/02\/taller04-300x225.jpg 300w, https:\/\/www.trotajueves.es\/blog\/wp-content\/uploads\/2025\/02\/taller04-150x113.jpg 150w, https:\/\/www.trotajueves.es\/blog\/wp-content\/uploads\/2025\/02\/taller04-768x576.jpg 768w, https:\/\/www.trotajueves.es\/blog\/wp-content\/uploads\/2025\/02\/taller04.jpg 800w\" sizes=\"(max-width: 300px) 100vw, 300px\" loading=\"eager\" \/><\/a>\n\t\t\t<\/dt><\/dl><br style=\"clear: both\" \/>\n\t\t<\/div>\n\n<p>Nos divertimos y exploramos la elaboraci\u00f3n de miniediciones en tama\u00f1os A7 (personal) y A6 (colectivo), utilizando una combinaci\u00f3n de t\u00e9cnicas art\u00edsticas y gr\u00e1ficas que dieron vida a muchas ideas.<\/p>\n<p>Metodolog\u00eda que sigui\u00f3 nuestro profe y amigo Quino:<\/p>\n<blockquote><p>&#8211; Introducci\u00f3n al fanzine: Breve charla sobre la historia, cultura y significado.<\/p>\n<p>&#8211; T\u00e9cnicas de creaci\u00f3n: Experimentaci\u00f3n y uso de diferentes recursos gr\u00e1ficos como tipograf\u00edas, collage, dibujo, etc.<\/p>\n<p>&#8211; Trabajo individual y colectivo: Crea tu fanzine personal en formato A7 y participa en un proyecto colectivo en formato A6.<\/p>\n<p>&#8211; Revisi\u00f3n y puesta en com\u00fan: Al final, compartiremos nuestras creaciones y comentaremos sobre c\u00f3mo distribuir y difundir nuestros fanzines.<\/p><\/blockquote>\n<p>3 horas aproximadamente de no parar de flipar con nosotros mismos, sin descanso, sin enterarnos del tiempo. \u00bfvolver\u00e1 a repetir?<\/p>\n<div class=\"video-container\"><iframe title=\"Taller fanzine en trotajueves\" width=\"720\" height=\"405\" src=\"https:\/\/www.youtube.com\/embed\/w9mM53FJc4s?feature=oembed\" frameborder=\"0\" allow=\"accelerometer; autoplay; clipboard-write; encrypted-media; gyroscope; picture-in-picture; web-share\" referrerpolicy=\"strict-origin-when-cross-origin\" allowfullscreen><\/iframe><\/div>\n<p>ESO ESPERAMOS. Eso nos dice Quino. Repetir\u00e1.<\/p>\n<h1><strong>ESTAD AL TANTO<\/strong><\/h1>\n<h3><\/h3>\n","protected":false},"excerpt":{"rendered":"<p>\u00bfTe gustar\u00eda conocer el mundo del fanzine? Pues te perdiste el taller pr\u00e1ctico Minificciones. Nos divertimos y exploramos la elaboraci\u00f3n de miniediciones en tama\u00f1os A7 (personal) y A6 (colectivo), utilizando una combinaci\u00f3n de t\u00e9cnicas&#46;&#46;&#46;<\/p>\n","protected":false},"author":1,"featured_media":6480,"comment_status":"closed","ping_status":"closed","sticky":false,"template":"","format":"standard","meta":{"footnotes":""},"categories":[18],"tags":[48,30,192,58,46],"class_list":["post-6474","post","type-post","status-publish","format-standard","has-post-thumbnail","hentry","category-talleres","tag-barrio","tag-cultura","tag-fanzine","tag-jornada","tag-taller-2"],"_links":{"self":[{"href":"https:\/\/www.trotajueves.es\/blog\/wp-json\/wp\/v2\/posts\/6474","targetHints":{"allow":["GET"]}}],"collection":[{"href":"https:\/\/www.trotajueves.es\/blog\/wp-json\/wp\/v2\/posts"}],"about":[{"href":"https:\/\/www.trotajueves.es\/blog\/wp-json\/wp\/v2\/types\/post"}],"author":[{"embeddable":true,"href":"https:\/\/www.trotajueves.es\/blog\/wp-json\/wp\/v2\/users\/1"}],"replies":[{"embeddable":true,"href":"https:\/\/www.trotajueves.es\/blog\/wp-json\/wp\/v2\/comments?post=6474"}],"version-history":[{"count":1,"href":"https:\/\/www.trotajueves.es\/blog\/wp-json\/wp\/v2\/posts\/6474\/revisions"}],"predecessor-version":[{"id":6481,"href":"https:\/\/www.trotajueves.es\/blog\/wp-json\/wp\/v2\/posts\/6474\/revisions\/6481"}],"wp:featuredmedia":[{"embeddable":true,"href":"https:\/\/www.trotajueves.es\/blog\/wp-json\/wp\/v2\/media\/6480"}],"wp:attachment":[{"href":"https:\/\/www.trotajueves.es\/blog\/wp-json\/wp\/v2\/media?parent=6474"}],"wp:term":[{"taxonomy":"category","embeddable":true,"href":"https:\/\/www.trotajueves.es\/blog\/wp-json\/wp\/v2\/categories?post=6474"},{"taxonomy":"post_tag","embeddable":true,"href":"https:\/\/www.trotajueves.es\/blog\/wp-json\/wp\/v2\/tags?post=6474"}],"curies":[{"name":"wp","href":"https:\/\/api.w.org\/{rel}","templated":true}]}}