{"id":6835,"date":"2025-12-15T21:00:50","date_gmt":"2025-12-15T21:00:50","guid":{"rendered":"https:\/\/www.trotajueves.es\/blog\/?p=6835"},"modified":"2025-12-15T21:01:10","modified_gmt":"2025-12-15T21:01:10","slug":"6835","status":"publish","type":"post","link":"https:\/\/www.trotajueves.es\/blog\/archivos\/6835","title":{"rendered":"VERMUT SOLSTICIO DE INVIERNO"},"content":{"rendered":"<p>Llega el solsticio de invierno y como buenos paganos que somos en el Trotajueves, celebramos el comienzo de la luz.<\/p>\n<p>El inicio del alargamiento de los d\u00edas.<\/p>\n<p><img decoding=\"async\" class=\"aligncenter size-medium wp-image-6781\" src=\"https:\/\/www.trotajueves.es\/blog\/wp-content\/uploads\/2025\/11\/SOLSTICIO-PEQ-300x206.jpg\" alt=\"\" width=\"300\" height=\"206\" srcset=\"https:\/\/www.trotajueves.es\/blog\/wp-content\/uploads\/2025\/11\/SOLSTICIO-PEQ-300x206.jpg 300w, https:\/\/www.trotajueves.es\/blog\/wp-content\/uploads\/2025\/11\/SOLSTICIO-PEQ-1024x704.jpg 1024w, https:\/\/www.trotajueves.es\/blog\/wp-content\/uploads\/2025\/11\/SOLSTICIO-PEQ-150x103.jpg 150w, https:\/\/www.trotajueves.es\/blog\/wp-content\/uploads\/2025\/11\/SOLSTICIO-PEQ-768x528.jpg 768w, https:\/\/www.trotajueves.es\/blog\/wp-content\/uploads\/2025\/11\/SOLSTICIO-PEQ-1536x1057.jpg 1536w, https:\/\/www.trotajueves.es\/blog\/wp-content\/uploads\/2025\/11\/SOLSTICIO-PEQ.jpg 1669w\" sizes=\"(max-width: 300px) 100vw, 300px\" \/><\/p>\n<p>La iniciaci\u00f3n a la primavera, a lo largo de un invierno que esperamos pr\u00f3spero y nuevo, dando la bienvenida al a\u00f1o que dentro de un mes aproximadamente nos saludar\u00e1.<\/p>\n<p>POR ESO ES QUE EL PASADO D\u00d3MINGO 14 DE DICIEMBRE, estuvimos los socios, allegados, familia en general, reunidos tomando un vermut saturniano en la librer\u00eda,\u00a0 saludando esta nueva renovaci\u00f3n, este renacimiento del a\u00f1o nuevo juntos.<\/p>\n<p>&nbsp;<\/p>\n\n\t\t<style type=\"text\/css\">\n\t\t\t#gallery-1 {\n\t\t\t\tmargin: auto;\n\t\t\t}\n\t\t\t#gallery-1 .gallery-item {\n\t\t\t\tfloat: left;\n\t\t\t\tmargin-top: 10px;\n\t\t\t\ttext-align: center;\n\t\t\t\twidth: 33%;\n\t\t\t}\n\t\t\t#gallery-1 img {\n\t\t\t\tborder: 2px solid #cfcfcf;\n\t\t\t}\n\t\t\t#gallery-1 .gallery-caption {\n\t\t\t\tmargin-left: 0;\n\t\t\t}\n\t\t\t\/* see gallery_shortcode() in wp-includes\/media.php *\/\n\t\t<\/style>\n\t\t<div id='gallery-1' class='gallery galleryid-6835 gallery-columns-3 gallery-size-medium'><dl class='gallery-item'>\n\t\t\t<dt class='gallery-icon landscape'>\n\t\t\t\t<a href='https:\/\/www.trotajueves.es\/blog\/archivos\/6835\/attachment\/1000202980'><img fetchpriority=\"high\" decoding=\"async\" width=\"300\" height=\"169\" src=\"https:\/\/www.trotajueves.es\/blog\/wp-content\/uploads\/2025\/12\/1000202980-300x169.jpg\" class=\"attachment-medium size-medium\" alt=\"\" srcset=\"https:\/\/www.trotajueves.es\/blog\/wp-content\/uploads\/2025\/12\/1000202980-300x169.jpg 300w, https:\/\/www.trotajueves.es\/blog\/wp-content\/uploads\/2025\/12\/1000202980-1024x576.jpg 1024w, https:\/\/www.trotajueves.es\/blog\/wp-content\/uploads\/2025\/12\/1000202980-150x84.jpg 150w, https:\/\/www.trotajueves.es\/blog\/wp-content\/uploads\/2025\/12\/1000202980-768x432.jpg 768w, https:\/\/www.trotajueves.es\/blog\/wp-content\/uploads\/2025\/12\/1000202980-1536x864.jpg 1536w, https:\/\/www.trotajueves.es\/blog\/wp-content\/uploads\/2025\/12\/1000202980.jpg 1600w\" sizes=\"(max-width: 300px) 100vw, 300px\" loading=\"eager\" \/><\/a>\n\t\t\t<\/dt><\/dl><dl class='gallery-item'>\n\t\t\t<dt class='gallery-icon landscape'>\n\t\t\t\t<a href='https:\/\/www.trotajueves.es\/blog\/archivos\/6835\/attachment\/1000202987'><img decoding=\"async\" width=\"300\" height=\"169\" src=\"https:\/\/www.trotajueves.es\/blog\/wp-content\/uploads\/2025\/12\/1000202987-300x169.jpg\" class=\"attachment-medium size-medium\" alt=\"\" srcset=\"https:\/\/www.trotajueves.es\/blog\/wp-content\/uploads\/2025\/12\/1000202987-300x169.jpg 300w, https:\/\/www.trotajueves.es\/blog\/wp-content\/uploads\/2025\/12\/1000202987-1024x576.jpg 1024w, https:\/\/www.trotajueves.es\/blog\/wp-content\/uploads\/2025\/12\/1000202987-150x84.jpg 150w, https:\/\/www.trotajueves.es\/blog\/wp-content\/uploads\/2025\/12\/1000202987-768x432.jpg 768w, https:\/\/www.trotajueves.es\/blog\/wp-content\/uploads\/2025\/12\/1000202987-1536x864.jpg 1536w, https:\/\/www.trotajueves.es\/blog\/wp-content\/uploads\/2025\/12\/1000202987.jpg 1600w\" sizes=\"(max-width: 300px) 100vw, 300px\" loading=\"eager\" \/><\/a>\n\t\t\t<\/dt><\/dl><dl class='gallery-item'>\n\t\t\t<dt class='gallery-icon landscape'>\n\t\t\t\t<a href='https:\/\/www.trotajueves.es\/blog\/archivos\/6835\/attachment\/1000202981'><img decoding=\"async\" width=\"300\" height=\"169\" src=\"https:\/\/www.trotajueves.es\/blog\/wp-content\/uploads\/2025\/12\/1000202981-300x169.jpg\" class=\"attachment-medium size-medium\" alt=\"\" srcset=\"https:\/\/www.trotajueves.es\/blog\/wp-content\/uploads\/2025\/12\/1000202981-300x169.jpg 300w, https:\/\/www.trotajueves.es\/blog\/wp-content\/uploads\/2025\/12\/1000202981-1024x576.jpg 1024w, https:\/\/www.trotajueves.es\/blog\/wp-content\/uploads\/2025\/12\/1000202981-150x84.jpg 150w, https:\/\/www.trotajueves.es\/blog\/wp-content\/uploads\/2025\/12\/1000202981-768x432.jpg 768w, https:\/\/www.trotajueves.es\/blog\/wp-content\/uploads\/2025\/12\/1000202981-1536x864.jpg 1536w, https:\/\/www.trotajueves.es\/blog\/wp-content\/uploads\/2025\/12\/1000202981.jpg 2000w\" sizes=\"(max-width: 300px) 100vw, 300px\" loading=\"eager\" \/><\/a>\n\t\t\t<\/dt><\/dl><br style=\"clear: both\" \/>\n\t\t<\/div>\n\n<p>&nbsp;<\/p>\n","protected":false},"excerpt":{"rendered":"<p>Llega el solsticio de invierno y como buenos paganos que somos en el Trotajueves, celebramos el comienzo de la luz. El inicio del alargamiento de los d\u00edas. La iniciaci\u00f3n a la primavera, a lo&#46;&#46;&#46;<\/p>\n","protected":false},"author":1,"featured_media":6836,"comment_status":"closed","ping_status":"closed","sticky":false,"template":"","format":"standard","meta":{"footnotes":""},"categories":[158,11],"tags":[48,49,54,58,67],"class_list":["post-6835","post","type-post","status-publish","format-standard","has-post-thumbnail","hentry","category-barrio","category-jornadas","tag-barrio","tag-carabanchel","tag-gratis","tag-jornada","tag-trotajueves"],"_links":{"self":[{"href":"https:\/\/www.trotajueves.es\/blog\/wp-json\/wp\/v2\/posts\/6835","targetHints":{"allow":["GET"]}}],"collection":[{"href":"https:\/\/www.trotajueves.es\/blog\/wp-json\/wp\/v2\/posts"}],"about":[{"href":"https:\/\/www.trotajueves.es\/blog\/wp-json\/wp\/v2\/types\/post"}],"author":[{"embeddable":true,"href":"https:\/\/www.trotajueves.es\/blog\/wp-json\/wp\/v2\/users\/1"}],"replies":[{"embeddable":true,"href":"https:\/\/www.trotajueves.es\/blog\/wp-json\/wp\/v2\/comments?post=6835"}],"version-history":[{"count":2,"href":"https:\/\/www.trotajueves.es\/blog\/wp-json\/wp\/v2\/posts\/6835\/revisions"}],"predecessor-version":[{"id":6841,"href":"https:\/\/www.trotajueves.es\/blog\/wp-json\/wp\/v2\/posts\/6835\/revisions\/6841"}],"wp:featuredmedia":[{"embeddable":true,"href":"https:\/\/www.trotajueves.es\/blog\/wp-json\/wp\/v2\/media\/6836"}],"wp:attachment":[{"href":"https:\/\/www.trotajueves.es\/blog\/wp-json\/wp\/v2\/media?parent=6835"}],"wp:term":[{"taxonomy":"category","embeddable":true,"href":"https:\/\/www.trotajueves.es\/blog\/wp-json\/wp\/v2\/categories?post=6835"},{"taxonomy":"post_tag","embeddable":true,"href":"https:\/\/www.trotajueves.es\/blog\/wp-json\/wp\/v2\/tags?post=6835"}],"curies":[{"name":"wp","href":"https:\/\/api.w.org\/{rel}","templated":true}]}}