{"id":6953,"date":"2026-03-15T21:24:06","date_gmt":"2026-03-15T21:24:06","guid":{"rendered":"https:\/\/www.trotajueves.es\/blog\/?p=6953"},"modified":"2026-03-15T21:24:06","modified_gmt":"2026-03-15T21:24:06","slug":"memoria-de-carabanchel-el-libro-que-da-voz-al-barrio","status":"publish","type":"post","link":"https:\/\/www.trotajueves.es\/blog\/archivos\/6953","title":{"rendered":"\u201cMemoria de Carabanchel\u201d: el libro que da voz al barrio"},"content":{"rendered":"<p>Nos adentramos en la historia m\u00e1s maravillosa de nuestro pueblo-ciudad de Carabanchel a trav\u00e9s del nuevo libro:<\/p>\n<h2>MEMORIAS DE CARABANCHEL, UN VIAJE POR SUS CALLES, GENTES Y LEYENDAS<\/h2>\n<p>EL PASADO 13 DE MARZO estuvimos con nuestro amigo y compa\u00f1ero Carabanchelero <span class=\"tm8\">David Val Palao,<\/span><span class=\"tm8\"> periodista, creador de <a href=\"https:\/\/porcarabanchel.es\/\" target=\"_blank\" rel=\"noopener\"><strong><em>PorCarabanchel<\/em><\/strong><\/a> y de varias rutas hist\u00f3ricas por el barrio, escribe este libro que recorre m\u00e1s de dos mil a\u00f1os de historia y la vida cotidiana de quienes han hecho de Carabanchel lo que es hoy.<\/span><\/p>\n\n\t\t<style type=\"text\/css\">\n\t\t\t#gallery-1 {\n\t\t\t\tmargin: auto;\n\t\t\t}\n\t\t\t#gallery-1 .gallery-item {\n\t\t\t\tfloat: left;\n\t\t\t\tmargin-top: 10px;\n\t\t\t\ttext-align: center;\n\t\t\t\twidth: 50%;\n\t\t\t}\n\t\t\t#gallery-1 img {\n\t\t\t\tborder: 2px solid #cfcfcf;\n\t\t\t}\n\t\t\t#gallery-1 .gallery-caption {\n\t\t\t\tmargin-left: 0;\n\t\t\t}\n\t\t\t\/* see gallery_shortcode() in wp-includes\/media.php *\/\n\t\t<\/style>\n\t\t<div id='gallery-1' class='gallery galleryid-6953 gallery-columns-2 gallery-size-medium'><dl class='gallery-item'>\n\t\t\t<dt class='gallery-icon landscape'>\n\t\t\t\t<a href='https:\/\/www.trotajueves.es\/blog\/archivos\/6953\/memorias-03'><img decoding=\"async\" width=\"300\" height=\"135\" src=\"https:\/\/www.trotajueves.es\/blog\/wp-content\/uploads\/2026\/03\/memorias-03-300x135.jpeg\" class=\"attachment-medium size-medium\" alt=\"\" srcset=\"https:\/\/www.trotajueves.es\/blog\/wp-content\/uploads\/2026\/03\/memorias-03-300x135.jpeg 300w, https:\/\/www.trotajueves.es\/blog\/wp-content\/uploads\/2026\/03\/memorias-03-1024x461.jpeg 1024w, https:\/\/www.trotajueves.es\/blog\/wp-content\/uploads\/2026\/03\/memorias-03-150x68.jpeg 150w, https:\/\/www.trotajueves.es\/blog\/wp-content\/uploads\/2026\/03\/memorias-03-768x346.jpeg 768w, https:\/\/www.trotajueves.es\/blog\/wp-content\/uploads\/2026\/03\/memorias-03-1536x692.jpeg 1536w, https:\/\/www.trotajueves.es\/blog\/wp-content\/uploads\/2026\/03\/memorias-03.jpeg 2048w\" sizes=\"(max-width: 300px) 100vw, 300px\" loading=\"eager\" \/><\/a>\n\t\t\t<\/dt><\/dl><dl class='gallery-item'>\n\t\t\t<dt class='gallery-icon landscape'>\n\t\t\t\t<a href='https:\/\/www.trotajueves.es\/blog\/archivos\/6953\/memorias-02'><img decoding=\"async\" width=\"300\" height=\"135\" src=\"https:\/\/www.trotajueves.es\/blog\/wp-content\/uploads\/2026\/03\/memorias-02-300x135.jpeg\" class=\"attachment-medium size-medium\" alt=\"\" srcset=\"https:\/\/www.trotajueves.es\/blog\/wp-content\/uploads\/2026\/03\/memorias-02-300x135.jpeg 300w, https:\/\/www.trotajueves.es\/blog\/wp-content\/uploads\/2026\/03\/memorias-02-1024x460.jpeg 1024w, https:\/\/www.trotajueves.es\/blog\/wp-content\/uploads\/2026\/03\/memorias-02-150x67.jpeg 150w, https:\/\/www.trotajueves.es\/blog\/wp-content\/uploads\/2026\/03\/memorias-02-768x345.jpeg 768w, https:\/\/www.trotajueves.es\/blog\/wp-content\/uploads\/2026\/03\/memorias-02-1536x690.jpeg 1536w, https:\/\/www.trotajueves.es\/blog\/wp-content\/uploads\/2026\/03\/memorias-02.jpeg 2048w\" sizes=\"(max-width: 300px) 100vw, 300px\" loading=\"eager\" \/><\/a>\n\t\t\t<\/dt><\/dl><br style=\"clear: both\" \/><dl class='gallery-item'>\n\t\t\t<dt class='gallery-icon landscape'>\n\t\t\t\t<a href='https:\/\/www.trotajueves.es\/blog\/archivos\/6953\/memorias-01'><img decoding=\"async\" width=\"300\" height=\"135\" src=\"https:\/\/www.trotajueves.es\/blog\/wp-content\/uploads\/2026\/03\/memorias-01-300x135.jpeg\" class=\"attachment-medium size-medium\" alt=\"\" srcset=\"https:\/\/www.trotajueves.es\/blog\/wp-content\/uploads\/2026\/03\/memorias-01-300x135.jpeg 300w, https:\/\/www.trotajueves.es\/blog\/wp-content\/uploads\/2026\/03\/memorias-01-1024x461.jpeg 1024w, https:\/\/www.trotajueves.es\/blog\/wp-content\/uploads\/2026\/03\/memorias-01-150x68.jpeg 150w, https:\/\/www.trotajueves.es\/blog\/wp-content\/uploads\/2026\/03\/memorias-01-768x346.jpeg 768w, https:\/\/www.trotajueves.es\/blog\/wp-content\/uploads\/2026\/03\/memorias-01-1536x692.jpeg 1536w, https:\/\/www.trotajueves.es\/blog\/wp-content\/uploads\/2026\/03\/memorias-01.jpeg 2048w\" sizes=\"(max-width: 300px) 100vw, 300px\" loading=\"eager\" \/><\/a>\n\t\t\t<\/dt><\/dl><dl class='gallery-item'>\n\t\t\t<dt class='gallery-icon landscape'>\n\t\t\t\t<a href='https:\/\/www.trotajueves.es\/blog\/archivos\/6953\/memorias-04-2'><img fetchpriority=\"high\" decoding=\"async\" width=\"300\" height=\"300\" src=\"https:\/\/www.trotajueves.es\/blog\/wp-content\/uploads\/2026\/03\/memorias-04-1-300x300.jpg\" class=\"attachment-medium size-medium\" alt=\"\" srcset=\"https:\/\/www.trotajueves.es\/blog\/wp-content\/uploads\/2026\/03\/memorias-04-1-300x300.jpg 300w, https:\/\/www.trotajueves.es\/blog\/wp-content\/uploads\/2026\/03\/memorias-04-1-150x150.jpg 150w, https:\/\/www.trotajueves.es\/blog\/wp-content\/uploads\/2026\/03\/memorias-04-1-160x160.jpg 160w, https:\/\/www.trotajueves.es\/blog\/wp-content\/uploads\/2026\/03\/memorias-04-1-320x320.jpg 320w, https:\/\/www.trotajueves.es\/blog\/wp-content\/uploads\/2026\/03\/memorias-04-1.jpg 640w\" sizes=\"(max-width: 300px) 100vw, 300px\" loading=\"eager\" \/><\/a>\n\t\t\t<\/dt><\/dl><br style=\"clear: both\" \/>\n\t\t<\/div>\n\n<p class=\"tm7\"><span class=\"tm8\">El libro re\u00fane veintisiete cap\u00edtulos y un ep\u00edlogo que viajan desde los vestigios \u00edberos y romanos hasta la vida popular y cultural del siglo XX. Es, sobre todo, un homenaje a la gente que ha hecho posible Carabanchel: quienes lo construyeron, lo so\u00f1aron y lo contaron. Sin ellos, nada de esto tendr\u00eda sentido.<\/span><\/p>\n<p class=\"tm9\"><span class=\"tm10\">Prologado por\u00a0<\/span><span class=\"tm10\">Fran, de\u00a0<\/span><u><a href=\"https:\/\/karabanchel.com\/\">Karabanchel.com<\/a><\/u><span class=\"tm10\">, el libro combina\u00a0<\/span><span class=\"tm10\">investigaci\u00f3n documental, memoria oral y narrativa hist\u00f3rica<\/span><span class=\"tm10\">\u00a0para rescatar episodios y personajes que forjaron el car\u00e1cter del pueblo. Desde el\u00a0<\/span><span class=\"tm10\">estanque de Las Brujas<\/span><span class=\"tm10\">, \u00faltimo resquicio de la finca de Eugenia de Montijo, hasta la\u00a0<\/span><span class=\"tm10\">taberna de La Noblejana<\/span><span class=\"tm10\">, pasando por la historia del\u00a0<\/span><span class=\"tm10\">Teatro Delicias<\/span><span class=\"tm10\">\u00a0y el \u00e9xito de la\u00a0<\/span><u><a href=\"https:\/\/porcarabanchel.es\/banda-musica-carabanchel-historia\/\"><span class=\"tm11\">Banda Municipal de Carabanchel<\/span><\/a><\/u><span class=\"tm10\">, el relato revive la vida de la actriz\u00a0<\/span><span class=\"tm10\">Mar\u00eda Ignacia Ib\u00e1\u00f1ez<\/span><span class=\"tm10\">, la escritora\u00a0<\/span><span class=\"tm10\">Mar\u00eda Lej\u00e1rraga<\/span><span class=\"tm10\">, el\u00a0<\/span><span class=\"tm10\">doctor Esquerdo<\/span><span class=\"tm10\">\u00a0o el exalcalde\u00a0<\/span><span class=\"tm10\">Antonio Antoranz<\/span><span class=\"tm10\">, asesinado por los milicianos en julio de 1936. Cada cap\u00edtulo devuelve luz y voz a un fragmento del pasado.<\/span><\/p>\n<p><a href=\"https:\/\/trotajueves.es\/libreria\/producto\/memoria-de-carabanchel\/\" target=\"_blank\" rel=\"noopener\">PUEDES COMPRAR EL LIBRO EN EL SIGUIENTE ENLACE<\/a><\/p>\n<p><a href=\"https:\/\/trotajueves.es\/libreria\/producto\/memoria-de-carabanchel\/\" target=\"_blank\" rel=\"noopener\"><img decoding=\"async\" class=\"aligncenter wp-image-6954 size-full\" src=\"https:\/\/www.trotajueves.es\/blog\/wp-content\/uploads\/2026\/03\/libro.jpg\" alt=\"\" width=\"176\" height=\"300\" srcset=\"https:\/\/www.trotajueves.es\/blog\/wp-content\/uploads\/2026\/03\/libro.jpg 176w, https:\/\/www.trotajueves.es\/blog\/wp-content\/uploads\/2026\/03\/libro-88x150.jpg 88w\" sizes=\"(max-width: 176px) 100vw, 176px\" \/><\/a><\/p>\n<p style=\"text-align: center;\"><a href=\"https:\/\/youtube.com\/live\/qhkrM8sCsas\" target=\"_blank\" rel=\"noopener\">Y si quieres vernos en directo en youtube<\/a><\/p>\n<p><a href=\"https:\/\/youtube.com\/live\/qhkrM8sCsas\" target=\"_blank\" rel=\"noopener\"><img decoding=\"async\" class=\"aligncenter wp-image-5415 size-thumbnail\" src=\"https:\/\/www.trotajueves.es\/blog\/wp-content\/uploads\/2021\/05\/youtube-300x169-1-150x85.png\" alt=\"\" width=\"150\" height=\"85\" srcset=\"https:\/\/www.trotajueves.es\/blog\/wp-content\/uploads\/2021\/05\/youtube-300x169-1-150x85.png 150w, https:\/\/www.trotajueves.es\/blog\/wp-content\/uploads\/2021\/05\/youtube-300x169-1.png 300w\" sizes=\"(max-width: 150px) 100vw, 150px\" \/><\/a><\/p>\n<p>&nbsp;<\/p>\n<p>&nbsp;<\/p>\n","protected":false},"excerpt":{"rendered":"<p>Nos adentramos en la historia m\u00e1s maravillosa de nuestro pueblo-ciudad de Carabanchel a trav\u00e9s del nuevo libro: MEMORIAS DE CARABANCHEL, UN VIAJE POR SUS CALLES, GENTES Y LEYENDAS EL PASADO 13 DE MARZO estuvimos&#46;&#46;&#46;<\/p>\n","protected":false},"author":1,"featured_media":6957,"comment_status":"closed","ping_status":"closed","sticky":false,"template":"","format":"standard","meta":{"footnotes":""},"categories":[158,132],"tags":[49,30,52,62,54,55,125,63,59,64,39],"class_list":["post-6953","post","type-post","status-publish","format-standard","has-post-thumbnail","hentry","category-barrio","category-presentaciones","tag-carabanchel","tag-cultura","tag-educacion","tag-escritor","tag-gratis","tag-gratuito","tag-historia","tag-libros","tag-madrid","tag-novedad","tag-presentacion"],"_links":{"self":[{"href":"https:\/\/www.trotajueves.es\/blog\/wp-json\/wp\/v2\/posts\/6953","targetHints":{"allow":["GET"]}}],"collection":[{"href":"https:\/\/www.trotajueves.es\/blog\/wp-json\/wp\/v2\/posts"}],"about":[{"href":"https:\/\/www.trotajueves.es\/blog\/wp-json\/wp\/v2\/types\/post"}],"author":[{"embeddable":true,"href":"https:\/\/www.trotajueves.es\/blog\/wp-json\/wp\/v2\/users\/1"}],"replies":[{"embeddable":true,"href":"https:\/\/www.trotajueves.es\/blog\/wp-json\/wp\/v2\/comments?post=6953"}],"version-history":[{"count":1,"href":"https:\/\/www.trotajueves.es\/blog\/wp-json\/wp\/v2\/posts\/6953\/revisions"}],"predecessor-version":[{"id":6960,"href":"https:\/\/www.trotajueves.es\/blog\/wp-json\/wp\/v2\/posts\/6953\/revisions\/6960"}],"wp:featuredmedia":[{"embeddable":true,"href":"https:\/\/www.trotajueves.es\/blog\/wp-json\/wp\/v2\/media\/6957"}],"wp:attachment":[{"href":"https:\/\/www.trotajueves.es\/blog\/wp-json\/wp\/v2\/media?parent=6953"}],"wp:term":[{"taxonomy":"category","embeddable":true,"href":"https:\/\/www.trotajueves.es\/blog\/wp-json\/wp\/v2\/categories?post=6953"},{"taxonomy":"post_tag","embeddable":true,"href":"https:\/\/www.trotajueves.es\/blog\/wp-json\/wp\/v2\/tags?post=6953"}],"curies":[{"name":"wp","href":"https:\/\/api.w.org\/{rel}","templated":true}]}}