{"id":7016,"date":"2026-04-27T07:42:49","date_gmt":"2026-04-27T07:42:49","guid":{"rendered":"https:\/\/www.trotajueves.es\/blog\/?p=7016"},"modified":"2026-04-27T07:42:49","modified_gmt":"2026-04-27T07:42:49","slug":"noche-de-los-libros-literatura-teatro-y-cine-en-uno","status":"publish","type":"post","link":"https:\/\/www.trotajueves.es\/blog\/archivos\/7016","title":{"rendered":"NOCHE DE LOS LIBROS. Literatura, teatro y cine en uno"},"content":{"rendered":"<p>Este a\u00f1o no solo seguimos con la Noche de los libros, sino que como el certamen pasa a llamarse LIBROMAD\u00a0 y en lugar de tratarse de una noche se extiende a cuatro d\u00edas, nos venimos arriba y \u00abARREJUNTAMOS\u00bb (como dir\u00eda mi abuelo) la nueva literatura con el nuevo cine a trav\u00e9s del teatro y condensamos los cuatro d\u00edas, en nuestra antigua y entra\u00f1able noche de los libros, proponiendo un triplete:<\/p>\n<p>El Pasado 23 DE ABRIL\u00a0 primeramente\u00a0 <strong>Carlos Ma\u00f1oso<\/strong> nos present\u00f3<strong>\u00a0\u201c<em>La luz que nos separa\u201d<\/em><\/strong>, una emocionante novela sobre las segundas oportunidades, su segunda novela.<\/p>\n<blockquote><p><em>El escritor y comunicador madrile\u00f1o <strong>Carlos Ma\u00f1oso<\/strong>, autor de la conmovedora novela \u201cCasi noventa\u201d (2021), regresa con su segunda obra, \u201c<strong>La luz que nos separa\u201d<\/strong>, un drama contempor\u00e1neo que combina amor, misterio, duelo, esperanza y un trasfondo social profundamente humano: <strong>el Tel\u00e9fono de la Esperanza de Par\u00eds<\/strong>.<\/em><\/p><\/blockquote>\n<p>Con solo 29 a\u00f1os, Lucas se ha convertido en uno de los mejores trabajadores del Tel\u00e9fono de la Esperanza, una organizaci\u00f3n donde su voz salva vidas todos los d\u00edas. Su trabajo, basado en la escucha y la empat\u00eda, se ve abruptamente interrumpido tras un error que lo aparta del servicio: mencionar la muerte durante una llamada.<\/p>\n<p>&nbsp;<\/p>\n<p>Despu\u00e9s otra buena amiga y gran profesional de los escenarios <a href=\"https:\/\/www.filmaffinity.com\/es\/name.php?name-id=886802454\" target=\"_blank\" rel=\"noopener\"><strong>Helena Lanza <\/strong><\/a>se acerca\u00f3 a nuestra peque\u00f1a cueva del diosecillo Japon\u00e9s, para ayudar a Carlos mediante la teatralizaci\u00f3n de un cap\u00edtulo de su novela y como esta primera edici\u00f3n de LIBROMAD versa sobre <strong>\u00abLOS CONFINES DE LOS LIBROS\u00bb&#8230;<\/strong><\/p>\n<p>\u00bfD\u00f3nde empieza o d\u00f3nde acaba un libro?<\/p>\n<p>En la palabra impresa del papel, en la declamaci\u00f3n de una actriz, en la impresi\u00f3n del celuloide&#8230;<\/p>\n<p>Tinta transformada en pixel, bits o aire&#8230;<\/p>\n<p>Autor y actriz nos llevaron desde la imprenta al mundo de las \u00abtablas\u00bb, a trav\u00e9s de la brisa de las palabras.<\/p>\n<p>Y para finalizar esta madrile\u00f1a noche m\u00e1gica, proyectamos uno de los \u00faltimos trabajos de esta magn\u00edfica actriz.<\/p>\n<p>El cortometraje <a href=\"https:\/\/moirapictures.com\/instinto-paternal\/\" target=\"_blank\" rel=\"noopener\"><em><strong>\u00abINSTINTO PATERNAL\u00bb<\/strong><\/em><\/a><\/p>\n<p>&nbsp;<\/p>\n<p><em>Este trabajo surge como<strong>\u00a0una cr\u00edtica al abuso del cuerpo de la mujer con fines reproductivos\u00a0<\/strong>unida a la habilidad que Helena, la actriz principal, ha tenido siempre para hacer de beb\u00e9\u00bb, explica Nacho Mart\u00ednez, director del cortometraje.<\/em><\/p>\n<p><em>\u00ab<strong>Quer\u00edamos denunciar el abuso al cuerpo de la mujer para satisfacer el deseo de paternidad<\/strong>\u00a0y a la vez que el espectador se pregunte: \u00bfHasta d\u00f3nde se puede llegar para satisfacer ese deseo?\u00a0<strong>\u00bfEs la paternidad un derecho?<\/strong>\u00a0<strong>\u00bfSe puede convertir la paternidad en un bien de consumo m\u00e1s?<\/strong>\u00ab, plantea el autor.<\/em><\/p>\n<blockquote><p><a href=\"https:\/\/www.youtube.com\/live\/mHN-3mrn7T0?si=fdbkLSDll3BJoLyj\" target=\"_blank\" rel=\"noopener\">Y como hacemos siempre, si no pudiste venir, puedes verlos por youTube<\/a><\/p>\n<p><a href=\"https:\/\/www.youtube.com\/live\/mHN-3mrn7T0?si=fdbkLSDll3BJoLyj\" target=\"_blank\" rel=\"noopener\"><img decoding=\"async\" class=\"aligncenter wp-image-6950 size-medium\" src=\"https:\/\/www.trotajueves.es\/wp-content\/uploads\/2020\/11\/youtube-300x169.png\" alt=\"\" width=\"300\" height=\"169\" \/><\/a><\/p><\/blockquote>\n","protected":false},"excerpt":{"rendered":"<p>Este a\u00f1o no solo seguimos con la Noche de los libros, sino que como el certamen pasa a llamarse LIBROMAD\u00a0 y en lugar de tratarse de una noche se extiende a cuatro d\u00edas, nos&#46;&#46;&#46;<\/p>\n","protected":false},"author":1,"featured_media":6992,"comment_status":"closed","ping_status":"closed","sticky":false,"template":"","format":"standard","meta":{"footnotes":""},"categories":[191],"tags":[12,62,54,55,63,27,59,90,39],"class_list":["post-7016","post","type-post","status-publish","format-standard","has-post-thumbnail","hentry","category-la-noche-de-los-libros","tag-cine","tag-escritor","tag-gratis","tag-gratuito","tag-libros","tag-literatura","tag-madrid","tag-pelicula","tag-presentacion"],"_links":{"self":[{"href":"https:\/\/www.trotajueves.es\/blog\/wp-json\/wp\/v2\/posts\/7016","targetHints":{"allow":["GET"]}}],"collection":[{"href":"https:\/\/www.trotajueves.es\/blog\/wp-json\/wp\/v2\/posts"}],"about":[{"href":"https:\/\/www.trotajueves.es\/blog\/wp-json\/wp\/v2\/types\/post"}],"author":[{"embeddable":true,"href":"https:\/\/www.trotajueves.es\/blog\/wp-json\/wp\/v2\/users\/1"}],"replies":[{"embeddable":true,"href":"https:\/\/www.trotajueves.es\/blog\/wp-json\/wp\/v2\/comments?post=7016"}],"version-history":[{"count":1,"href":"https:\/\/www.trotajueves.es\/blog\/wp-json\/wp\/v2\/posts\/7016\/revisions"}],"predecessor-version":[{"id":7017,"href":"https:\/\/www.trotajueves.es\/blog\/wp-json\/wp\/v2\/posts\/7016\/revisions\/7017"}],"wp:featuredmedia":[{"embeddable":true,"href":"https:\/\/www.trotajueves.es\/blog\/wp-json\/wp\/v2\/media\/6992"}],"wp:attachment":[{"href":"https:\/\/www.trotajueves.es\/blog\/wp-json\/wp\/v2\/media?parent=7016"}],"wp:term":[{"taxonomy":"category","embeddable":true,"href":"https:\/\/www.trotajueves.es\/blog\/wp-json\/wp\/v2\/categories?post=7016"},{"taxonomy":"post_tag","embeddable":true,"href":"https:\/\/www.trotajueves.es\/blog\/wp-json\/wp\/v2\/tags?post=7016"}],"curies":[{"name":"wp","href":"https:\/\/api.w.org\/{rel}","templated":true}]}}